{"id":1180,"date":"2020-09-15T16:08:50","date_gmt":"2020-09-15T16:08:50","guid":{"rendered":"https:\/\/fpvoleibol.pt\/fpv\/?p=1180"},"modified":"2020-09-21T16:10:00","modified_gmt":"2020-09-21T16:10:00","slug":"ajf-bastardo-disputa-os-dois-jogos-da-challenge-cup-2021-na-turquia","status":"publish","type":"post","link":"https:\/\/fpvoleibol.pt\/fpv\/2020\/09\/15\/ajf-bastardo-disputa-os-dois-jogos-da-challenge-cup-2021-na-turquia\/","title":{"rendered":"AJF BASTARDO DISPUTA OS DOIS JOGOS DA CHALLENGE CUP 2021 NA TURQUIA"},"content":{"rendered":"<p class=\"descricaonoticia\" align=\"center\"><img loading=\"lazy\" decoding=\"async\" src=\"https:\/\/www.fpvoleibol.pt\/noticias\/2020\/imagens\/AJFBeSCP_par_cejcabral.jpg\" width=\"480\" height=\"303\" border=\"1\" \/><br \/>\n<span class=\"auto-style1\"><strong>Foto: Jorge Cabral<\/strong><\/span><\/p>\n<p class=\"descricaonoticia\">A\u00a0<strong>Associa\u00e7\u00e3o de Jovens da Fonte do Bastardo<\/strong>\u00a0vai disputar os dois jogos dos 16 avos-de-final da\u00a0<a href=\"https:\/\/www.cev.eu\/Competition-Area\/Competition.aspx?ID=1261&amp;PID=2008\" target=\"_blank\" rel=\"noopener noreferrer\">CEV Volleyball Challenge Cup 2021<\/a>, com o\u00a0<a href=\"https:\/\/ziraatbankasisporkulubu.com\/\" target=\"_blank\" rel=\"noopener noreferrer\">Ziraat Bankasi Ankara<\/a>, na Turquia,\u00a0<span class=\"auto-style3\">nos dias 11 e 13 de Novembro (19h00 locais)<\/span>, ap\u00f3s o acordo entre os dois clubes ter tido o aval da Confedera\u00e7\u00e3o Europeia de Voleibol (CEV).<\/p>\n<p class=\"descricaonoticia\">Em masculinos,\u00a0<a href=\"https:\/\/www.facebook.com\/SportLisboaBenficaModalidades\/\" target=\"_blank\" rel=\"noopener noreferrer\">SL Benfica<\/a>,\u00a0<a href=\"https:\/\/www.facebook.com\/sportingmodalidades\" target=\"_blank\" rel=\"noopener noreferrer\">Sporting CP<\/a>\u00a0e\u00a0<a href=\"https:\/\/www.facebook.com\/ajfontebastardo\" target=\"_blank\" rel=\"noopener noreferrer\">AJ Fonte do Bastardo<\/a>\u00a0v\u00e3o defrontar, respectivamente, o\u00a0<a href=\"http:\/\/www.vrck.hu\/\" target=\"_blank\" rel=\"noopener noreferrer\">Vegyesz RC Kazincbarcika (Hungria)<\/a>, o\u00a0<a href=\"https:\/\/www.giesengrizzlys.de\/bundesliga\/helios-grizzlys\/\" target=\"_blank\" rel=\"noopener noreferrer\">Helios Grizzlys Giesen (Alemanha)<\/a>\u00a0e o\u00a0<a href=\"https:\/\/ziraatbankasisporkulubu.com\/\" target=\"_blank\" rel=\"noopener noreferrer\">Ziraat Bankasi Ankara (Turquia<\/a>), antiga equipa do capit\u00e3o da Selec\u00e7\u00e3o Nacional, Alexandre Ferreira, actualmente a jogar na Coreia do Sul.<\/p>\n<p class=\"auto-style2\">15<br \/>\n<span class=\"auto-style1\"><strong>Foto: Paulo Faria<\/strong><\/span><\/p>\n<p class=\"descricaonoticia\">Os encarnados da Luz come\u00e7am por jogar fora de portas (4 de Novembro de 2020\/pelas 19h00 locais), recebendo os seus advers\u00e1rios h\u00fangaros na semana seguinte (10 de Novembro\/20h00), enquanto a equipa leonina recebe primeiro os germ\u00e2nicos (3 de Novembro\/20h00), deslocando-se depois \u00e0 Alemanha (10 de Novembro\/19h00).<\/p>\n<p class=\"auto-style2\"><a href=\"https:\/\/www.fpvoleibol.pt\/noticias\/2020\/imagens\/CEV_Challenge_M%20fixed%20dates_gd.jpg\" target=\"_blank\" rel=\"noopener noreferrer\"><img loading=\"lazy\" decoding=\"async\" class=\"aligncenter\" src=\"https:\/\/www.fpvoleibol.pt\/noticias\/2020\/imagens\/CK_par_ce_pfaria.jpg\" width=\"480\" height=\"270\" border=\"1\" \/><\/a><br \/>\n<span class=\"auto-style1\"><strong>Foto: Paulo Faria<\/strong><\/span><\/p>\n<p class=\"descricaonoticia\">Em femininos, e igualmente nos 16 avos-de-final da Challenge Cup, a\u00a0<a href=\"https:\/\/www.facebook.com\/AJM-FC-Porto-209163616115343\/\" target=\"_blank\" rel=\"noopener noreferrer\">AJM\/FC Porto<\/a>\u00a0vai medir for\u00e7as com o\u00a0<a href=\"https:\/\/pt-br.facebook.com\/csdinamo\/\" target=\"_blank\" rel=\"noopener noreferrer\">Dinamo Bucuresti (Rom\u00e9nia)<\/a>\u00a0e o\u00a0<a href=\"https:\/\/www.facebook.com\/clubekairosvoleibol\" target=\"_blank\" rel=\"noopener noreferrer\">Clube Kair\u00f3s\u00a0<\/a>com o\u00a0<a href=\"http:\/\/okjedinstvo.org.rs\/\" target=\"_blank\" rel=\"noopener noreferrer\">OK Jedintsvo Stara Pazova (S\u00e9rvia)<\/a>.<\/p>\n<p>A AJM\/FC Porto estreia-se nas competi\u00e7\u00f5es europeias com uma desloca\u00e7\u00e3o \u00e0 Rom\u00e9nia (11 de Novembro\/19h00 locais), recebendo no Drag\u00e3o Arena o Dinamo Bucuresti no dia 24 de Novembro (20h00 locais), enquanto o Clube K joga primeiro em Ponta Delgada (11 de Novembro\/20h00 locais) e quinze dias depois na S\u00e9rvia (25 de Novembro\/19h00 locais).<\/p>\n<p class=\"descricaonoticia\">Na \u00e9poca passada, o SL Benfica conseguiu uma entrada hist\u00f3rica na fase de grupos da Liga dos Campe\u00f5es, enquanto o Sporting atingiu as meias-finais da Challenge Cup, fase que n\u00e3o chegou a disputar devido \u00e0 pandemia de Covid-19.<br \/>\nNa Challenge Cup, as \u00e1guias conseguiram alcan\u00e7ar o 2.\u00ba (2015, vit\u00f3ria dos s\u00e9rvios do Vojvodina NS Seme Novi Sad) e o 3.\u00ba lugar (2016, eliminadas nas meias-finais por aqueles que seriam os vencedores da prova, os italianos do Calzedonia Verona).<\/p>\n<p class=\"descricaonoticia\">Mais informa\u00e7\u00f5es em\u00a0<a href=\"http:\/\/www.cev.eu\/\" target=\"_blank\" rel=\"noopener noreferrer\">www.cev.eu<\/a><\/p>\n","protected":false},"excerpt":{"rendered":"<p>Foto: Jorge Cabral A\u00a0Associa\u00e7\u00e3o de Jovens da Fonte do Bastardo\u00a0vai disputar os dois jogos dos 16 avos-de-final da\u00a0CEV Volleyball Challenge Cup 2021, com o\u00a0Ziraat Bankasi Ankara, na Turquia,\u00a0nos dias 11 [&hellip;]<\/p>\n","protected":false},"author":1,"featured_media":1181,"comment_status":"open","ping_status":"open","sticky":false,"template":"","format":"standard","meta":{"_monsterinsights_skip_tracking":false,"_monsterinsights_sitenote_active":false,"_monsterinsights_sitenote_note":"","_monsterinsights_sitenote_category":0,"footnotes":""},"categories":[8],"tags":[],"class_list":{"0":"post-1180","1":"post","2":"type-post","3":"status-publish","4":"format-standard","5":"has-post-thumbnail","7":"category-voleibol","8":"czr-hentry"},"aioseo_notices":[],"_links":{"self":[{"href":"https:\/\/fpvoleibol.pt\/fpv\/wp-json\/wp\/v2\/posts\/1180","targetHints":{"allow":["GET"]}}],"collection":[{"href":"https:\/\/fpvoleibol.pt\/fpv\/wp-json\/wp\/v2\/posts"}],"about":[{"href":"https:\/\/fpvoleibol.pt\/fpv\/wp-json\/wp\/v2\/types\/post"}],"author":[{"embeddable":true,"href":"https:\/\/fpvoleibol.pt\/fpv\/wp-json\/wp\/v2\/users\/1"}],"replies":[{"embeddable":true,"href":"https:\/\/fpvoleibol.pt\/fpv\/wp-json\/wp\/v2\/comments?post=1180"}],"version-history":[{"count":1,"href":"https:\/\/fpvoleibol.pt\/fpv\/wp-json\/wp\/v2\/posts\/1180\/revisions"}],"predecessor-version":[{"id":1182,"href":"https:\/\/fpvoleibol.pt\/fpv\/wp-json\/wp\/v2\/posts\/1180\/revisions\/1182"}],"wp:featuredmedia":[{"embeddable":true,"href":"https:\/\/fpvoleibol.pt\/fpv\/wp-json\/wp\/v2\/media\/1181"}],"wp:attachment":[{"href":"https:\/\/fpvoleibol.pt\/fpv\/wp-json\/wp\/v2\/media?parent=1180"}],"wp:term":[{"taxonomy":"category","embeddable":true,"href":"https:\/\/fpvoleibol.pt\/fpv\/wp-json\/wp\/v2\/categories?post=1180"},{"taxonomy":"post_tag","embeddable":true,"href":"https:\/\/fpvoleibol.pt\/fpv\/wp-json\/wp\/v2\/tags?post=1180"}],"curies":[{"name":"wp","href":"https:\/\/api.w.org\/{rel}","templated":true}]}}