{"id":1174,"date":"2020-09-14T15:56:22","date_gmt":"2020-09-14T15:56:22","guid":{"rendered":"https:\/\/fpvoleibol.pt\/fpv\/?p=1174"},"modified":"2020-09-21T15:57:59","modified_gmt":"2020-09-21T15:57:59","slug":"torres-vedras-apura-duplas-para-a-final-da-kinder-cup","status":"publish","type":"post","link":"https:\/\/fpvoleibol.pt\/fpv\/2020\/09\/14\/torres-vedras-apura-duplas-para-a-final-da-kinder-cup\/","title":{"rendered":"TORRES VEDRAS APURA DUPLAS PARA A FINAL DA KINDER CUP"},"content":{"rendered":"<p class=\"descricaonoticia\" align=\"center\"><img loading=\"lazy\" decoding=\"async\" src=\"https:\/\/www.fpvoleibol.pt\/noticias\/2020\/imagens\/kinder_cup_avl_d.jpg\" width=\"480\" height=\"270\" border=\"1\" \/><\/p>\n<p class=\"descricaonoticia\" align=\"justify\">\nAs duplas Carmo\/Silva, Chaves\/Aleixo, Santos\/Teixeira, Concei\u00e7\u00e3o\/Dias e Mota\/Ferreira v\u00e3o disputar a Final Nacional da Kinder Cup 2020 no dia 26 de Setembro.<\/p>\n<p class=\"descricaonoticia\" align=\"justify\">O Encontro Regional organizado pela\u00a0<strong>Associa\u00e7\u00e3o de Voleibol de Lisboa (AVL<\/strong>) no passado s\u00e1bado levou at\u00e9 ao Parque da V\u00e1rzea em Torres Vedras a alegria e o entusiasmo pr\u00f3prios de jovens que, embora condicionados pelo per\u00edodo conturbado que a Humanidade atravessa, voltaram a fazer aquilo que mais gostam, jogar Voleibol, numa manh\u00e3 com condi\u00e7\u00f5es atmosf\u00e9ricas ideais para a pr\u00e1tica da modalidade ao ar livre.<\/p>\n<p class=\"auto-style1\"><img loading=\"lazy\" decoding=\"async\" class=\"aligncenter\" src=\"https:\/\/www.fpvoleibol.pt\/noticias\/2020\/imagens\/kinder_cup_avl_f.jpg\" width=\"480\" height=\"270\" border=\"1\" \/><\/p>\n<p class=\"auto-style2\">Duplas vencedoras<\/p>\n<p class=\"auto-style1\">Infantis Femininos \u2013 Carmo\/Silva<br \/>\nIniciados Femininos \u2013 Chaves\/Aleixo<br \/>\nCadetes Femininos \u2013 Santos\/Teixeira<br \/>\nJuvenis Femininos \u2013 Concei\u00e7\u00e3o\/Dias<br \/>\nJuniores Femininos \u2013 Mota\/Ferreira<\/p>\n<p class=\"descricaonoticia\" align=\"justify\">Galeria de fotos\u00a0<a href=\"http:\/\/avlisboa.pt\/galeria-de-imagens\/752-kindercup2020.html\" target=\"_blank\" rel=\"noopener noreferrer\">aqui<\/a><\/p>\n","protected":false},"excerpt":{"rendered":"<p>As duplas Carmo\/Silva, Chaves\/Aleixo, Santos\/Teixeira, Concei\u00e7\u00e3o\/Dias e Mota\/Ferreira v\u00e3o disputar a Final Nacional da Kinder Cup 2020 no dia 26 de Setembro. O Encontro Regional organizado pela\u00a0Associa\u00e7\u00e3o de Voleibol de [&hellip;]<\/p>\n","protected":false},"author":1,"featured_media":1175,"comment_status":"open","ping_status":"open","sticky":false,"template":"","format":"standard","meta":{"_monsterinsights_skip_tracking":false,"_monsterinsights_sitenote_active":false,"_monsterinsights_sitenote_note":"","_monsterinsights_sitenote_category":0,"footnotes":""},"categories":[22],"tags":[],"class_list":{"0":"post-1174","1":"post","2":"type-post","3":"status-publish","4":"format-standard","5":"has-post-thumbnail","7":"category-kinder-cup","8":"czr-hentry"},"aioseo_notices":[],"_links":{"self":[{"href":"https:\/\/fpvoleibol.pt\/fpv\/wp-json\/wp\/v2\/posts\/1174","targetHints":{"allow":["GET"]}}],"collection":[{"href":"https:\/\/fpvoleibol.pt\/fpv\/wp-json\/wp\/v2\/posts"}],"about":[{"href":"https:\/\/fpvoleibol.pt\/fpv\/wp-json\/wp\/v2\/types\/post"}],"author":[{"embeddable":true,"href":"https:\/\/fpvoleibol.pt\/fpv\/wp-json\/wp\/v2\/users\/1"}],"replies":[{"embeddable":true,"href":"https:\/\/fpvoleibol.pt\/fpv\/wp-json\/wp\/v2\/comments?post=1174"}],"version-history":[{"count":1,"href":"https:\/\/fpvoleibol.pt\/fpv\/wp-json\/wp\/v2\/posts\/1174\/revisions"}],"predecessor-version":[{"id":1176,"href":"https:\/\/fpvoleibol.pt\/fpv\/wp-json\/wp\/v2\/posts\/1174\/revisions\/1176"}],"wp:featuredmedia":[{"embeddable":true,"href":"https:\/\/fpvoleibol.pt\/fpv\/wp-json\/wp\/v2\/media\/1175"}],"wp:attachment":[{"href":"https:\/\/fpvoleibol.pt\/fpv\/wp-json\/wp\/v2\/media?parent=1174"}],"wp:term":[{"taxonomy":"category","embeddable":true,"href":"https:\/\/fpvoleibol.pt\/fpv\/wp-json\/wp\/v2\/categories?post=1174"},{"taxonomy":"post_tag","embeddable":true,"href":"https:\/\/fpvoleibol.pt\/fpv\/wp-json\/wp\/v2\/tags?post=1174"}],"curies":[{"name":"wp","href":"https:\/\/api.w.org\/{rel}","templated":true}]}}