{"id":1114,"date":"2020-09-11T10:31:16","date_gmt":"2020-09-11T10:31:16","guid":{"rendered":"https:\/\/fpvoleibol.pt\/fpv\/?p=1114"},"modified":"2020-09-14T10:32:19","modified_gmt":"2020-09-14T10:32:19","slug":"europeu-de-sub-20","status":"publish","type":"post","link":"https:\/\/fpvoleibol.pt\/fpv\/2020\/09\/11\/europeu-de-sub-20\/","title":{"rendered":"EUROPEU DE SUB-20"},"content":{"rendered":"<p class=\"descricaonoticia\" align=\"center\"><img loading=\"lazy\" decoding=\"async\" src=\"https:\/\/www.fpvoleibol.pt\/noticias\/2020\/imagens\/RinkevicsLAT-MaiaPOR.jpg\" width=\"460\" height=\"307\" border=\"1\" \/><\/p>\n<p class=\"descricaonoticia\" align=\"justify\"><strong>Guilherme Maia e Filipe Leite<\/strong>\u00a0defrontam amanh\u00e3 a dupla su\u00ed\u00e7a Dillier\/Colomb, na 1.\u00aa ronda da fase eliminat\u00f3ria do Quadro Principal do Campeonato da Europa de Sub-20 masculinos, em Voleibol de Praia.<br \/>\nNa pior das hip\u00f3teses, a dupla portuguesa assegurou j\u00e1 o 17.\u00ba lugar.<\/p>\n<p class=\"descricaonoticia\" align=\"justify\">O jogo pode ser seguido atrav\u00e9s do\u00a0<a href=\"https:\/\/www.cev.eu\/BeachVolley-Area\/BeachVolley_3BOX.aspx?ID=1225&amp;mID=2937&amp;sID=&amp;pID=0&amp;chID=0&amp;phaseID=0&amp;champID=0&amp;Mod=\" target=\"_blank\" rel=\"noopener noreferrer\">live score<\/a><\/p>\n<p class=\"descricaonoticia\" align=\"justify\">Em Agosto, Guilherme, filho do ex-atleta ol\u00edmpico Miguel Maia, e Filipe classificaram-se no 21.\u00ba lugar na sua estreia a n\u00edvel mundial, mais concretamente no Open de Montpellier, etapa do Circuito Mundial de Voleibol de Praia (Beach Volley World Tour).<br \/>\nNessa competi\u00e7\u00e3o, a tamb\u00e9m jovem dupla Jo\u00e3o Pedrosa\/Hugo Campos, vice-campe\u00e3 nacional, classificou-se no 9.\u00ba lugar final.<\/p>\n<p><strong>Guilherme Maia e Filipe Leite<\/strong>, 4.\u00bas classificados no Campeonato Lidl, est\u00e3o em Brno acompanhados pelo seu treinador,\u00a0<strong>Leonel Gomes<\/strong>.<\/p>\n<p class=\"descricaonoticia\" align=\"justify\">\u00a0<strong><em>Live Streaming<\/em><\/strong>\u00a0na\u00a0<a href=\"https:\/\/www.eurovolley.tv\/en-int\/page\/home-cev\" target=\"_blank\" rel=\"noopener noreferrer\">EuroVolleyTV<\/a><\/p>\n<p class=\"descricaonoticia\" align=\"justify\">Mais informa\u00e7\u00f5es\u00a0<a href=\"https:\/\/www.cev.eu\/BeachVolley-Area\/BeachVolley_3BOX.aspx?ID=1225&amp;mID=2808&amp;sID=&amp;pID=0&amp;chID=0&amp;phaseID=0&amp;champID=0&amp;Mod=\" target=\"_blank\" rel=\"noopener noreferrer\">aqui<\/a>\u00a0e\u00a0<a href=\"https:\/\/www.volleyball.world\/en\/beachvolleyball\/worldtour\/2020\/954\/schedule\" target=\"_blank\" rel=\"noopener noreferrer\">aqui<\/a><\/p>\n","protected":false},"excerpt":{"rendered":"<p>Guilherme Maia e Filipe Leite\u00a0defrontam amanh\u00e3 a dupla su\u00ed\u00e7a Dillier\/Colomb, na 1.\u00aa ronda da fase eliminat\u00f3ria do Quadro Principal do Campeonato da Europa de Sub-20 masculinos, em Voleibol de Praia. [&hellip;]<\/p>\n","protected":false},"author":1,"featured_media":1115,"comment_status":"open","ping_status":"open","sticky":false,"template":"","format":"standard","meta":{"_monsterinsights_skip_tracking":false,"_monsterinsights_sitenote_active":false,"_monsterinsights_sitenote_note":"","_monsterinsights_sitenote_category":0,"footnotes":""},"categories":[9],"tags":[],"class_list":{"0":"post-1114","1":"post","2":"type-post","3":"status-publish","4":"format-standard","5":"has-post-thumbnail","7":"category-voleibol-de-praia","8":"czr-hentry"},"aioseo_notices":[],"_links":{"self":[{"href":"https:\/\/fpvoleibol.pt\/fpv\/wp-json\/wp\/v2\/posts\/1114","targetHints":{"allow":["GET"]}}],"collection":[{"href":"https:\/\/fpvoleibol.pt\/fpv\/wp-json\/wp\/v2\/posts"}],"about":[{"href":"https:\/\/fpvoleibol.pt\/fpv\/wp-json\/wp\/v2\/types\/post"}],"author":[{"embeddable":true,"href":"https:\/\/fpvoleibol.pt\/fpv\/wp-json\/wp\/v2\/users\/1"}],"replies":[{"embeddable":true,"href":"https:\/\/fpvoleibol.pt\/fpv\/wp-json\/wp\/v2\/comments?post=1114"}],"version-history":[{"count":1,"href":"https:\/\/fpvoleibol.pt\/fpv\/wp-json\/wp\/v2\/posts\/1114\/revisions"}],"predecessor-version":[{"id":1116,"href":"https:\/\/fpvoleibol.pt\/fpv\/wp-json\/wp\/v2\/posts\/1114\/revisions\/1116"}],"wp:featuredmedia":[{"embeddable":true,"href":"https:\/\/fpvoleibol.pt\/fpv\/wp-json\/wp\/v2\/media\/1115"}],"wp:attachment":[{"href":"https:\/\/fpvoleibol.pt\/fpv\/wp-json\/wp\/v2\/media?parent=1114"}],"wp:term":[{"taxonomy":"category","embeddable":true,"href":"https:\/\/fpvoleibol.pt\/fpv\/wp-json\/wp\/v2\/categories?post=1114"},{"taxonomy":"post_tag","embeddable":true,"href":"https:\/\/fpvoleibol.pt\/fpv\/wp-json\/wp\/v2\/tags?post=1114"}],"curies":[{"name":"wp","href":"https:\/\/api.w.org\/{rel}","templated":true}]}}