{"id":11107,"date":"2021-11-16T11:43:43","date_gmt":"2021-11-16T10:43:43","guid":{"rendered":"https:\/\/fpvoleibol.pt\/fpv\/?p=11107"},"modified":"2021-11-18T21:45:27","modified_gmt":"2021-11-18T20:45:27","slug":"leixoes-sc-x-ajm-fc-porto-em-directo-na-volei-tv-e-a-bola-tv-2","status":"publish","type":"post","link":"https:\/\/fpvoleibol.pt\/fpv\/2021\/11\/16\/leixoes-sc-x-ajm-fc-porto-em-directo-na-volei-tv-e-a-bola-tv-2\/","title":{"rendered":"LEIX\u00d5ES SC x AJM\/FC PORTO EM DIRECTO NA VOLEI TV"},"content":{"rendered":"<p><img loading=\"lazy\" decoding=\"async\" class=\"size-full wp-image-11174 aligncenter\" src=\"https:\/\/fpvoleibol.pt\/fpv\/wp-content\/uploads\/2021\/11\/Leixo\u0303esSC_x_AJMFCPorto_11aJornada_V2_d.jpg\" alt=\"\" width=\"960\" height=\"540\" srcset=\"https:\/\/fpvoleibol.pt\/fpv\/wp-content\/uploads\/2021\/11\/Leixo\u0303esSC_x_AJMFCPorto_11aJornada_V2_d.jpg 960w, https:\/\/fpvoleibol.pt\/fpv\/wp-content\/uploads\/2021\/11\/Leixo\u0303esSC_x_AJMFCPorto_11aJornada_V2_d-300x169.jpg 300w, https:\/\/fpvoleibol.pt\/fpv\/wp-content\/uploads\/2021\/11\/Leixo\u0303esSC_x_AJMFCPorto_11aJornada_V2_d-768x432.jpg 768w, https:\/\/fpvoleibol.pt\/fpv\/wp-content\/uploads\/2021\/11\/Leixo\u0303esSC_x_AJMFCPorto_11aJornada_V2_d-528x297.jpg 528w\" sizes=\"auto, (max-width: 960px) 100vw, 960px\" \/>A <a href=\"https:\/\/www.volei.tv\/\">Volei TV<\/a> (em directo) e <strong><span style=\"color: #ff0000;\">A Bola TV<\/span><\/strong> (diferido) v\u00e3o transmitir o <a href=\"https:\/\/fpv-web.dataproject.com\/MatchStatistics.aspx?mID=4312&amp;ID=53&amp;CID=166&amp;PID=87&amp;type=LegList\">Leix\u00f5es SC x AJM\/FC Porto<\/a>, <em>jogo grande<\/em> da 11.\u00aa jornada da <a href=\"https:\/\/fpvoleibol.pt\/fpv\/wp-content\/uploads\/2021\/09\/reg_esc_seniores_Ligas.pdf\">1.\u00aa Fase<\/a> da <a href=\"https:\/\/fpv-web.dataproject.com\/CompetitionHome.aspx?ID=53\">Liga Lidl.<\/a><\/p>\n<p>O <a href=\"https:\/\/fpv-web.dataproject.com\/MatchStatistics.aspx?mID=4312&amp;ID=53&amp;CID=166&amp;PID=87&amp;type=LegList\">Leix\u00f5es SC x AJM\/FC Porto<\/a>\u00a0realiza-se no <span style=\"text-decoration: underline;\">dia 21 de Novembro, pelas <strong>18h00<\/strong><\/span>, na Nave Il\u00eddio Ramos do Centro de Desportos e Congressos de Matosinhos, mas pode igualmente ser seguido em directo <a href=\"https:\/\/youtu.be\/ip5xacZV1w4\">AQUI<\/a><\/p>\n<p style=\"text-align: center;\"><strong>11.\u00aa Jornada* da <a href=\"https:\/\/fpv-web.dataproject.com\/CompetitionHome.aspx?ID=53\">Liga Lidl<\/a><\/strong><\/p>\n<p><span style=\"text-decoration: underline;\"><strong>21.Novembro.2021<\/strong><\/span><br \/>\n<strong>15h00 locais<\/strong> \u2013 Clube K x Lus\u00f3fona VC, no Pav. Kair\u00f3s<br \/>\n<strong>16h00<\/strong> \u2013 SC Espinho x CD Aves\/Termolan, na Nave Desportiva de Espinho<br \/>\n<strong>17h00<\/strong> \u2013 SL Benfica x Sporting CP, no Pav. N.\u00ba 2 do Est\u00e1dio da Luz<br \/>\n<strong>15h00<\/strong> \u2013 AVC Famalic\u00e3o x GC Vilacondense, no Pav. Municipal das Lameiras<br \/>\n<strong>17h00<\/strong> \u2013Vit\u00f3ria SC x Boavista FC, no Pav. Desp. Unidade Vimaranense<br \/>\n<strong>18h00*<\/strong> \u2013 Leix\u00f5es SC x AJM\/FC Porto, na Nave Il\u00eddio Ramos &#8211; CDC Matosinhos \u2013 directo na <a href=\"https:\/\/youtu.be\/ip5xacZV1w4\">Volei TV<\/a><br \/>\n<strong>16h00<\/strong> \u2013 PV 2014\/Academia de Voleibol Col\u00e9gio Efanor, no Pav. Col\u00e9gio Efanor<br \/>\n<span style=\"font-size: 8pt;\"><strong>* <a href=\"https:\/\/portugalvoleibol.com\/classificacao\/\">Dias e\/ou hor\u00e1rios podem sofrer altera\u00e7\u00f5es<\/a><\/strong><\/span><\/p>\n<p style=\"text-align: center;\" align=\"justify\">Calend\u00e1rio*, resultados, estat\u00edstica e <em>live streaming<\/em> em <a href=\"https:\/\/fpv-web.dataproject.com\/MainHome.aspx?\">https:\/\/fpv-web.dataproject.com\/MainHome.aspx?<\/a><br \/>\nEquipas de arbitragem em <a href=\"https:\/\/fpvoleibol.pt\/fpv\/arbitragem\/nomeacoes\/\">https:\/\/fpvoleibol.pt\/fpv\/arbitragem\/nomeacoes\/<\/a><\/p>\n<p style=\"text-align: center;\"><span style=\"text-decoration: underline;\"><strong>Ver plant\u00e9is das equipas <a href=\"https:\/\/fpv-web.dataproject.com\/CompetitionTeamSearch.aspx?ID=53\">aqui<\/a> e\u00a0<\/strong><\/span><a href=\"https:\/\/fpvoleibol.pt\/fpv\/wp-content\/uploads\/2021\/10\/Classificacao_e_desempate.pdf\">Modo de disputa 2021\/2022<\/a><\/p>\n","protected":false},"excerpt":{"rendered":"<p>A Volei TV (em directo) e A Bola TV (diferido) v\u00e3o transmitir o Leix\u00f5es SC x AJM\/FC Porto, jogo grande da 11.\u00aa jornada da 1.\u00aa Fase da Liga Lidl. O [&hellip;]<\/p>\n","protected":false},"author":2,"featured_media":11175,"comment_status":"open","ping_status":"open","sticky":false,"template":"","format":"standard","meta":{"_monsterinsights_skip_tracking":false,"_monsterinsights_sitenote_active":false,"_monsterinsights_sitenote_note":"","_monsterinsights_sitenote_category":0,"footnotes":""},"categories":[8,31],"tags":[],"class_list":{"0":"post-11107","1":"post","2":"type-post","3":"status-publish","4":"format-standard","5":"has-post-thumbnail","7":"category-voleibol","8":"category-voleitv","9":"czr-hentry"},"aioseo_notices":[],"_links":{"self":[{"href":"https:\/\/fpvoleibol.pt\/fpv\/wp-json\/wp\/v2\/posts\/11107","targetHints":{"allow":["GET"]}}],"collection":[{"href":"https:\/\/fpvoleibol.pt\/fpv\/wp-json\/wp\/v2\/posts"}],"about":[{"href":"https:\/\/fpvoleibol.pt\/fpv\/wp-json\/wp\/v2\/types\/post"}],"author":[{"embeddable":true,"href":"https:\/\/fpvoleibol.pt\/fpv\/wp-json\/wp\/v2\/users\/2"}],"replies":[{"embeddable":true,"href":"https:\/\/fpvoleibol.pt\/fpv\/wp-json\/wp\/v2\/comments?post=11107"}],"version-history":[{"count":6,"href":"https:\/\/fpvoleibol.pt\/fpv\/wp-json\/wp\/v2\/posts\/11107\/revisions"}],"predecessor-version":[{"id":11219,"href":"https:\/\/fpvoleibol.pt\/fpv\/wp-json\/wp\/v2\/posts\/11107\/revisions\/11219"}],"wp:featuredmedia":[{"embeddable":true,"href":"https:\/\/fpvoleibol.pt\/fpv\/wp-json\/wp\/v2\/media\/11175"}],"wp:attachment":[{"href":"https:\/\/fpvoleibol.pt\/fpv\/wp-json\/wp\/v2\/media?parent=11107"}],"wp:term":[{"taxonomy":"category","embeddable":true,"href":"https:\/\/fpvoleibol.pt\/fpv\/wp-json\/wp\/v2\/categories?post=11107"},{"taxonomy":"post_tag","embeddable":true,"href":"https:\/\/fpvoleibol.pt\/fpv\/wp-json\/wp\/v2\/tags?post=11107"}],"curies":[{"name":"wp","href":"https:\/\/api.w.org\/{rel}","templated":true}]}}