{"id":11003,"date":"2021-11-12T16:41:24","date_gmt":"2021-11-12T15:41:24","guid":{"rendered":"https:\/\/fpvoleibol.pt\/fpv\/?p=11003"},"modified":"2021-11-12T16:41:24","modified_gmt":"2021-11-12T15:41:24","slug":"mini-voleibol-arranca-no-domingo","status":"publish","type":"post","link":"https:\/\/fpvoleibol.pt\/fpv\/2021\/11\/12\/mini-voleibol-arranca-no-domingo\/","title":{"rendered":"MINI-VOLEIBOL ARRANCA NO DOMINGO"},"content":{"rendered":"<p><img loading=\"lazy\" decoding=\"async\" class=\"alignnone size-full wp-image-11006\" src=\"https:\/\/fpvoleibol.pt\/fpv\/wp-content\/uploads\/2021\/11\/minis_dd.jpg\" alt=\"\" width=\"960\" height=\"570\" srcset=\"https:\/\/fpvoleibol.pt\/fpv\/wp-content\/uploads\/2021\/11\/minis_dd.jpg 960w, https:\/\/fpvoleibol.pt\/fpv\/wp-content\/uploads\/2021\/11\/minis_dd-300x178.jpg 300w, https:\/\/fpvoleibol.pt\/fpv\/wp-content\/uploads\/2021\/11\/minis_dd-768x456.jpg 768w\" sizes=\"auto, (max-width: 960px) 100vw, 960px\" \/><br \/>\nA \u00e9poca do <strong>Mini-Voleibol<\/strong> <strong>arranca<\/strong> j\u00e1 neste domingo (14 de Novembro) com a realiza\u00e7\u00e3o da 1.\u00aa Volta do Torneio de Natal de Minis B Femininos.<\/p>\n<p>A edi\u00e7\u00e3o de 2021\/2022 est\u00e1 dividida em <a href=\"https:\/\/fpvoleibol.pt\/fpv\/wp-content\/uploads\/2021\/11\/Mini-Voleibol_ar2021.pdf\">6 zonas de competi\u00e7\u00e3o<\/a>, sendo a Juventude Pacense, o GC Santo Tirso, o\u00a0 Cast\u00ealo da Maia GC, o SC Arcozelo, o Leix\u00f5es SC, o CA Madalena, o CD Foz Porto e a Ala Nun&#8217;\u00c1lvares de Gondomar os clubes respons\u00e1veis pela sua organiza\u00e7\u00e3o, com a colabora\u00e7\u00e3o da <a href=\"http:\/\/www.avporto.pt\">Associa\u00e7\u00e3o de Voleibol do Porto<\/a>.<\/p>\n<p>Para a final, com data marcada para 19 de Dezembro, ser\u00e3o apuradas as equipas que se classificarem em 1.\u00ba e em 2.\u00ba lugar em cada uma das zonas.<\/p>\n<p>A edi\u00e7\u00e3o deste ano ir\u00e1 contar com a participa\u00e7\u00e3o de 62 equipas, numa clara demonstra\u00e7\u00e3o de que os clubes est\u00e3o a trabalhar arduamente na recupera\u00e7\u00e3o de todos os atletas que se afastaram da modalidade durante os confinamentos.<\/p>\n<p style=\"text-align: center;\"><span style=\"text-decoration: underline;\"><strong>Torneio de Natal de Minis B Femininos<\/strong><\/span><\/p>\n<p style=\"text-align: center;\">2001\/02: 13 equipas participantes<br \/>\n2002\/03: 12 equipas participantes<br \/>\n2003\/04: 12 equipas participantes<br \/>\n2004\/05: 17 equipas participantes<br \/>\n2005\/06: 15 equipas participantes<br \/>\n2006\/07: 15 equipas participantes<br \/>\n2007\/08: 25 equipas participantes<br \/>\n2008\/09: 34 equipas participantes<br \/>\n2009\/10: 36 equipas participantes<br \/>\n2010\/11: 35 equipas participantes<br \/>\n2011\/12: 44 equipas participantes<br \/>\n2012\/13: 51 equipas participantes<br \/>\n2013\/14: 50 equipas participantes<br \/>\n2014\/15: 59 equipas participantes<br \/>\n2015\/16: 64 equipas participantes<br \/>\n2016\/17: 58 equipas participantes<br \/>\n2017\/18: 62 equipas participantes<br \/>\n2018\/19: 67 equipas participantes<br \/>\n2019\/20: 65 equipas participantes<br \/>\n2021\/22: 62 equipas participantes<\/p>\n","protected":false},"excerpt":{"rendered":"<p>A \u00e9poca do Mini-Voleibol arranca j\u00e1 neste domingo (14 de Novembro) com a realiza\u00e7\u00e3o da 1.\u00aa Volta do Torneio de Natal de Minis B Femininos. A edi\u00e7\u00e3o de 2021\/2022 est\u00e1 [&hellip;]<\/p>\n","protected":false},"author":2,"featured_media":11005,"comment_status":"open","ping_status":"open","sticky":false,"template":"","format":"standard","meta":{"_monsterinsights_skip_tracking":false,"_monsterinsights_sitenote_active":false,"_monsterinsights_sitenote_note":"","_monsterinsights_sitenote_category":0,"footnotes":""},"categories":[11,8],"tags":[47],"class_list":{"0":"post-11003","1":"post","2":"type-post","3":"status-publish","4":"format-standard","5":"has-post-thumbnail","7":"category-formacao","8":"category-voleibol","9":"tag-epoca-2021-2022","10":"czr-hentry"},"aioseo_notices":[],"_links":{"self":[{"href":"https:\/\/fpvoleibol.pt\/fpv\/wp-json\/wp\/v2\/posts\/11003","targetHints":{"allow":["GET"]}}],"collection":[{"href":"https:\/\/fpvoleibol.pt\/fpv\/wp-json\/wp\/v2\/posts"}],"about":[{"href":"https:\/\/fpvoleibol.pt\/fpv\/wp-json\/wp\/v2\/types\/post"}],"author":[{"embeddable":true,"href":"https:\/\/fpvoleibol.pt\/fpv\/wp-json\/wp\/v2\/users\/2"}],"replies":[{"embeddable":true,"href":"https:\/\/fpvoleibol.pt\/fpv\/wp-json\/wp\/v2\/comments?post=11003"}],"version-history":[{"count":4,"href":"https:\/\/fpvoleibol.pt\/fpv\/wp-json\/wp\/v2\/posts\/11003\/revisions"}],"predecessor-version":[{"id":11018,"href":"https:\/\/fpvoleibol.pt\/fpv\/wp-json\/wp\/v2\/posts\/11003\/revisions\/11018"}],"wp:featuredmedia":[{"embeddable":true,"href":"https:\/\/fpvoleibol.pt\/fpv\/wp-json\/wp\/v2\/media\/11005"}],"wp:attachment":[{"href":"https:\/\/fpvoleibol.pt\/fpv\/wp-json\/wp\/v2\/media?parent=11003"}],"wp:term":[{"taxonomy":"category","embeddable":true,"href":"https:\/\/fpvoleibol.pt\/fpv\/wp-json\/wp\/v2\/categories?post=11003"},{"taxonomy":"post_tag","embeddable":true,"href":"https:\/\/fpvoleibol.pt\/fpv\/wp-json\/wp\/v2\/tags?post=11003"}],"curies":[{"name":"wp","href":"https:\/\/api.w.org\/{rel}","templated":true}]}}