{"id":1098,"date":"2020-09-08T09:47:40","date_gmt":"2020-09-08T09:47:40","guid":{"rendered":"https:\/\/fpvoleibol.pt\/fpv\/?p=1098"},"modified":"2020-09-09T09:49:05","modified_gmt":"2020-09-09T09:49:05","slug":"jogos-da-supertaca","status":"publish","type":"post","link":"https:\/\/fpvoleibol.pt\/fpv\/2020\/09\/08\/jogos-da-supertaca\/","title":{"rendered":"JOGOS DA SUPERTA\u00c7A"},"content":{"rendered":"<p class=\"descricaonoticia\" align=\"center\"><a href=\"https:\/\/www.fpvoleibol.pt\/noticias\/2020\/imagens\/Supertaca2020_MASC_apuramento_gd.jpg\" target=\"_blank\" rel=\"noopener noreferrer\"><img loading=\"lazy\" decoding=\"async\" src=\"https:\/\/www.fpvoleibol.pt\/noticias\/2020\/imagens\/Supertaca2020_MASC_apuramento_pq.jpg\" width=\"430\" height=\"602\" border=\"1\" \/><\/a><\/p>\n<p class=\"descricaonoticia\" align=\"justify\">A final da\u00a0<strong><a href=\"http:\/\/www.portugalvoleibol.com\/classificacao\/stmasc.php\" target=\"_blank\" rel=\"noopener noreferrer\">Superta\u00e7a de masculinos<\/a><\/strong>, a disputar no Pavilh\u00e3o Multiusos de Gondomar, realiza-se \u00e0s 15h00 do dia 20 de Setembro, com transmiss\u00e3o televisiva em directo na Sport TV.<br \/>\nTendo em considera\u00e7\u00e3o que os campeonatos nacionais de 2019\/2020 n\u00e3o chegaram ao fim \u2013 assim como a Ta\u00e7a de Portugal de masculinos \u2013 a Superta\u00e7a de 2020 ter\u00e1 um figurino diferente.<br \/>\nEm masculinos, SL Benfica, Sporting CP, AJ Fonte do Bastardo, SC Espinho, AA S. Mamede e Leix\u00f5es SC s\u00e3o as seis equipas que ir\u00e3o disputar a Superta\u00e7a 2020.<\/p>\n<p class=\"descricaonoticia\" align=\"justify\">Esta edi\u00e7\u00e3o da Superta\u00e7a compreende duas s\u00e9ries, de onde sair\u00e3o os semifinalistas da prova:<\/p>\n<p class=\"descricaonoticia\" style=\"text-align: center;\" align=\"justify\"><span class=\"auto-style1\"><strong>Jogos da S\u00e9rie A<\/strong><\/span><br \/>\n<strong>11 de Setembro<\/strong><br \/>\n17h00 \u2013 AA S. Mamede x SL Benfica, Multiusos de Gondomar \u2013 em directo no\u00a0<a href=\"https:\/\/www.facebook.com\/fpvoleibol\" target=\"_blank\" rel=\"noopener noreferrer\">Facebook da FPV<\/a><\/p>\n<p><strong>12 de Setembro<\/strong><br \/>\n16h00 \u2013 SC Espinho x AA S. Mamede, Multiusos de Gondomar \u2013 em directo no\u00a0<a href=\"https:\/\/www.facebook.com\/fpvoleibol\" target=\"_blank\" rel=\"noopener noreferrer\">Facebook da FPV<\/a><\/p>\n<p><strong>13 de Setembro<\/strong><br \/>\n15h00 \u2013 SL Benfica x SC Espinho, Multiusos de Gondomar \u2013 em directo na\u00a0<a href=\"https:\/\/www.volei.tv\/\" target=\"_blank\" rel=\"noopener noreferrer\">Volei TV<\/a><\/p>\n<p class=\"descricaonoticia\" style=\"text-align: center;\" align=\"justify\"><span class=\"auto-style1\"><strong>Jogos da S\u00e9rie B<\/strong><\/span><br \/>\n<strong>11 de Setembro<\/strong><br \/>\n20h00 \u2013 Leix\u00f5es SC x AJF Bastardo, Multiusos de Gondomar \u2013 em directo no\u00a0<a href=\"https:\/\/www.facebook.com\/fpvoleibol\" target=\"_blank\" rel=\"noopener noreferrer\">Facebook da FPV<\/a><\/p>\n<p><strong>12 de Setembro<\/strong><br \/>\n19h00 \u2013 Sporting CP x Leix\u00f5es SC, Multiusos de Gondomar \u2013 em directo no\u00a0<a href=\"https:\/\/www.facebook.com\/fpvoleibol\" target=\"_blank\" rel=\"noopener noreferrer\">Facebook da FPV<\/a><\/p>\n<p><strong>13 de Setembro<\/strong><br \/>\n18h00 \u2013 AJF Bastardo x Sporting CP, Multiusos de Gondomar \u2013 em directo na\u00a0<a href=\"https:\/\/www.volei.tv\/\" target=\"_blank\" rel=\"noopener noreferrer\">Volei TV<\/a><\/p>\n<p class=\"descricaonoticia\" style=\"text-align: center;\" align=\"justify\">As meias-finais cruzadas entre os dois primeiros classificados de cada s\u00e9rie disputam-se no dia 19 de Setembro e a final no dia 20 de Setembro. Ver f\u00f3rmula\u00a0<a href=\"https:\/\/www.fpvoleibol.pt\/nacional\/20_21\/sorteios\/info_supertaca_senmasc.pdf\" target=\"_blank\" rel=\"noopener noreferrer\">AQUI<\/a><\/p>\n<p class=\"descricaonoticia\" style=\"text-align: center;\" align=\"justify\"><span class=\"auto-style1\"><strong>19\/09\/2020<\/strong><\/span><br \/>\n<strong>Meias-Finais<span class=\"auto-style1\"><br \/>\n<\/span>16h00<\/strong>\u00a0&#8211; 1.\u00ba S\u00e9rie A x 2.\u00ba S\u00e9rie B \u2013 em directo na\u00a0<a href=\"https:\/\/www.volei.tv\/\" target=\"_blank\" rel=\"noopener noreferrer\">Volei TV<\/a><br \/>\n<strong>19h00\u00a0<\/strong>&#8211; 1.\u00ba S\u00e9rie B x 2.\u00ba S\u00e9rie A \u2013 em directo na\u00a0<a href=\"https:\/\/www.volei.tv\/\" target=\"_blank\" rel=\"noopener noreferrer\">Volei TV<\/a><\/p>\n<p class=\"descricaonoticia\" style=\"text-align: center;\" align=\"justify\"><span class=\"auto-style1\"><strong>20\/09\/2020<\/strong><\/span><strong><br \/>\n15h00<\/strong>\u00a0&#8211; Final \u2013 em directo na\u00a0<strong><a href=\"https:\/\/www.sporttv.pt\/pesquisa\/voleibol\" target=\"_blank\" rel=\"noopener noreferrer\">Sport TV<\/a><\/strong><\/p>\n<p class=\"auto-style2\"><a href=\"https:\/\/www.fpvoleibol.pt\/noticias\/2020\/imagens\/Supertaca2020_MASC_gd.jpg\" target=\"_blank\" rel=\"noopener noreferrer\"><img loading=\"lazy\" decoding=\"async\" class=\"aligncenter\" src=\"https:\/\/www.fpvoleibol.pt\/noticias\/2020\/imagens\/Supertaca2020_MASC_pq.jpg\" width=\"430\" height=\"602\" border=\"1\" \/><\/a><\/p>\n<p class=\"descricaonoticia\" align=\"justify\">Informa\u00e7\u00f5es sobre a(s) Superta\u00e7a(s) dispon\u00edveis\u00a0<a href=\"https:\/\/www.fpvoleibol.pt\/nacional\/20_21\/sorteios\/supertaca2020.html\" target=\"_blank\" rel=\"noopener noreferrer\">AQUI<\/a><\/p>\n<p class=\"descricaonoticia\" align=\"justify\">Em 2019, o SL Benfica venceu (3-0: 25-14, 25-18 e 25-22) a AJ Fonte do Bastardo e ergueu a Superta\u00e7a disputada no Pavilh\u00e3o do Complexo Municipal dos Desportos \u00abCidade de Almada\u00bb. Ver estat\u00edstica\u00a0<a href=\"https:\/\/www.fpvoleibol.pt\/noticias\/2019\/Supertacahonda_SLB-AJFB%20(3-0).pdf\" target=\"_blank\" rel=\"noopener noreferrer\">aqui<\/a><\/p>\n<p class=\"auto-style2\"><img loading=\"lazy\" decoding=\"async\" class=\"aligncenter\" src=\"https:\/\/www.fpvoleibol.pt\/noticias\/2020\/imagens\/super2020.jpg\" width=\"480\" height=\"270\" border=\"1\" \/><\/p>\n<p class=\"descricaonoticia\" align=\"justify\">Os jogos da\u00a0<strong><a href=\"https:\/\/www.portugalvoleibol.com\/classificacao\" target=\"_blank\" rel=\"noopener noreferrer\">Superta\u00e7a de femininos<\/a><\/strong>, a disputar na Nave Costa Pereira, no Centro de Desportos e Congressos de Matosinhos, colocam frente a frente, numa S\u00e9rie \u00danica:<\/p>\n<p class=\"descricaonoticia\" style=\"text-align: center;\" align=\"justify\"><span class=\"auto-style1\"><strong>Dia 11 de Setembro<\/strong><\/span><br \/>\n20h00 \u2013 AVC Famalic\u00e3o x Porto V\u00f3lei, na Nave Costa Pereira \u2013 em directo na\u00a0<a href=\"https:\/\/www.volei.tv\/\" target=\"_blank\" rel=\"noopener noreferrer\">Volei TV<\/a><\/p>\n<p><span class=\"auto-style1\"><strong>Dia 12 de Setembro<\/strong><\/span><br \/>\n18h00 \u2013 Clube Kair\u00f3s x AVC Famalic\u00e3o, na Nave Costa Pereira \u2013 em directo na\u00a0<a href=\"https:\/\/www.volei.tv\/\" target=\"_blank\" rel=\"noopener noreferrer\">Volei TV<\/a><\/p>\n<p><span class=\"auto-style1\"><strong>Dia 13 de Setembro<\/strong><\/span><br \/>\n15h00 \u2013 Porto V\u00f3lei x Clube K, na Nave Costa Pereira \u2013 em directo no\u00a0<a href=\"https:\/\/www.facebook.com\/fpvoleibol\" target=\"_blank\" rel=\"noopener noreferrer\">Facebook da FPV<\/a><\/p>\n<p class=\"descricaonoticia\" style=\"text-align: center;\" align=\"justify\">O 1.\u00ba classificado da S\u00e9rie \u00danica defronta a AJM\/FC Porto, vencedora da Ta\u00e7a de Portugal, no dia 18 de Setembro.<\/p>\n<p class=\"descricaonoticia\" style=\"text-align: center;\" align=\"justify\"><span class=\"auto-style1\"><strong>Dia 18 de Setembro<\/strong><\/span><br \/>\n19h00 \u2013 AJM\/FC Porto x Vencedor da S\u00e9rie \u00danica, na Nave Costa Pereira \u2013 em directo na\u00a0<a href=\"https:\/\/www.volei.tv\/\" target=\"_blank\" rel=\"noopener noreferrer\">Volei TV<\/a>\u00a0e no\u00a0<a href=\"http:\/\/portocanal.sapo.pt\/\" target=\"_blank\" rel=\"noopener noreferrer\">Porto Canal<\/a><\/p>\n<p class=\"descricaonoticia\" align=\"justify\">Calend\u00e1rio dos jogos da Superta\u00e7a de femininos\u00a0<a href=\"https:\/\/www.portugalvoleibol.com\/classificacao\" target=\"_blank\" rel=\"noopener noreferrer\">AQUI<\/a><\/p>\n<p>Informa\u00e7\u00f5es adicionais sobre a(s) Superta\u00e7a(s) dispon\u00edveis\u00a0<a href=\"https:\/\/www.fpvoleibol.pt\/nacional\/20_21\/sorteios\/supertaca2020.html\" target=\"_blank\" rel=\"noopener noreferrer\">AQUI<\/a><\/p>\n<p class=\"descricaonoticia\" align=\"justify\">A Superta\u00e7a 2020 de seniores femininos ser\u00e1 disputada por Clube Kair\u00f3s, AVC Famalic\u00e3o, Porto Volei 2014 e AJM\/FC Porto.<br \/>\nEm 2019, a AJM\/FC Porto conquistou a sua primeira Superta\u00e7a ao superar, em Vila Flor, o Leix\u00f5es SC, ent\u00e3o tricampe\u00e3o nacional em t\u00edtulo, por 3-2 (27-29, 23-25, 25-17, 25-16 e 15-6).<br \/>\nVer estat\u00edstica do jogo\u00a0<a href=\"https:\/\/www.fpvoleibol.pt\/noticias\/2019\/Match%20report_Ajm%20FCP%20x%20LSC.pdf\" target=\"_blank\" rel=\"noopener noreferrer\">aqui<\/a><\/p>\n<p class=\"descricaonoticia\" align=\"justify\">Mais informa\u00e7\u00f5es\u00a0<a href=\"https:\/\/www.fpvoleibol.pt\/documentacao\/circulares\/19_20\/39.pdf\" target=\"_blank\" rel=\"noopener noreferrer\">aqui<\/a><\/p>\n","protected":false},"excerpt":{"rendered":"<p>A final da\u00a0Superta\u00e7a de masculinos, a disputar no Pavilh\u00e3o Multiusos de Gondomar, realiza-se \u00e0s 15h00 do dia 20 de Setembro, com transmiss\u00e3o televisiva em directo na Sport TV. Tendo em [&hellip;]<\/p>\n","protected":false},"author":1,"featured_media":935,"comment_status":"open","ping_status":"open","sticky":false,"template":"","format":"standard","meta":{"_monsterinsights_skip_tracking":false,"_monsterinsights_sitenote_active":false,"_monsterinsights_sitenote_note":"","_monsterinsights_sitenote_category":0,"footnotes":""},"categories":[8],"tags":[],"class_list":{"0":"post-1098","1":"post","2":"type-post","3":"status-publish","4":"format-standard","5":"has-post-thumbnail","7":"category-voleibol","8":"czr-hentry"},"aioseo_notices":[],"_links":{"self":[{"href":"https:\/\/fpvoleibol.pt\/fpv\/wp-json\/wp\/v2\/posts\/1098","targetHints":{"allow":["GET"]}}],"collection":[{"href":"https:\/\/fpvoleibol.pt\/fpv\/wp-json\/wp\/v2\/posts"}],"about":[{"href":"https:\/\/fpvoleibol.pt\/fpv\/wp-json\/wp\/v2\/types\/post"}],"author":[{"embeddable":true,"href":"https:\/\/fpvoleibol.pt\/fpv\/wp-json\/wp\/v2\/users\/1"}],"replies":[{"embeddable":true,"href":"https:\/\/fpvoleibol.pt\/fpv\/wp-json\/wp\/v2\/comments?post=1098"}],"version-history":[{"count":1,"href":"https:\/\/fpvoleibol.pt\/fpv\/wp-json\/wp\/v2\/posts\/1098\/revisions"}],"predecessor-version":[{"id":1099,"href":"https:\/\/fpvoleibol.pt\/fpv\/wp-json\/wp\/v2\/posts\/1098\/revisions\/1099"}],"wp:featuredmedia":[{"embeddable":true,"href":"https:\/\/fpvoleibol.pt\/fpv\/wp-json\/wp\/v2\/media\/935"}],"wp:attachment":[{"href":"https:\/\/fpvoleibol.pt\/fpv\/wp-json\/wp\/v2\/media?parent=1098"}],"wp:term":[{"taxonomy":"category","embeddable":true,"href":"https:\/\/fpvoleibol.pt\/fpv\/wp-json\/wp\/v2\/categories?post=1098"},{"taxonomy":"post_tag","embeddable":true,"href":"https:\/\/fpvoleibol.pt\/fpv\/wp-json\/wp\/v2\/tags?post=1098"}],"curies":[{"name":"wp","href":"https:\/\/api.w.org\/{rel}","templated":true}]}}