{"id":1092,"date":"2020-09-07T09:35:46","date_gmt":"2020-09-07T09:35:46","guid":{"rendered":"https:\/\/fpvoleibol.pt\/fpv\/?p=1092"},"modified":"2020-09-09T09:36:30","modified_gmt":"2020-09-09T09:36:30","slug":"guilherme-maia-filipe-leite-disputam-europeu-de-sub-20","status":"publish","type":"post","link":"https:\/\/fpvoleibol.pt\/fpv\/2020\/09\/07\/guilherme-maia-filipe-leite-disputam-europeu-de-sub-20\/","title":{"rendered":"GUILHERME MAIA\/FILIPE LEITE DISPUTAM EUROPEU DE SUB-20"},"content":{"rendered":"<p class=\"descricaonoticia\" align=\"center\"><img loading=\"lazy\" decoding=\"async\" src=\"https:\/\/www.fpvoleibol.pt\/noticias\/2020\/imagens\/againstPortugal_vb.jpg\" width=\"480\" height=\"270\" border=\"1\" \/><\/p>\n<p class=\"descricaonoticia\" align=\"justify\"><strong>Guilherme Maia e Filipe Leite<\/strong>\u00a0v\u00e3o representar Portugal no Campeonato da Europa de Sub-20 masculinos, em Voleibol de Praia, a realizar na cidade checa de Brno de 9 a 13 de Setembro de 2020.<\/p>\n<p class=\"descricaonoticia\" align=\"justify\">Em Agosto, Guilherme, filho do ex-atleta ol\u00edmpico Miguel Maia, e Filipe classificaram-se no 21.\u00ba lugar na sua estreia a n\u00edvel mundial, mais concretamente no Open de Montpellier, etapa do Circuito Mundial de Voleibol de Praia (Beach Volley World Tour).<br \/>\nNessa competi\u00e7\u00e3o, a tamb\u00e9m jovem dupla Jo\u00e3o Pedrosa\/Hugo Campos, vice-campe\u00e3 nacional, classificou-se no 9.\u00ba lugar final.<\/p>\n<p><strong>Guilherme Maia e Filipe Leite<\/strong>, 4.\u00bas classificados no Campeonato Lidl, viajam para Brno acompanhados pelo seu treinador,\u00a0<strong>Leonel Gomes<\/strong>.<\/p>\n<p class=\"auto-style1\"><img loading=\"lazy\" decoding=\"async\" class=\"aligncenter\" src=\"https:\/\/www.fpvoleibol.pt\/noticias\/2020\/imagens\/montpellier_tds.jpg\" width=\"430\" height=\"410\" border=\"1\" \/><\/p>\n<p class=\"descricaonoticia\" align=\"justify\">\u00a0<strong><em>Live Streaming<\/em><\/strong>\u00a0na\u00a0<a href=\"https:\/\/www.eurovolley.tv\/en-int\/page\/home-cev\" target=\"_blank\" rel=\"noopener noreferrer\">EuroVolleyTV<\/a><\/p>\n<p class=\"descricaonoticia\" align=\"justify\">Mais informa\u00e7\u00f5es\u00a0<a href=\"https:\/\/www.cev.eu\/BeachVolley-Area\/BeachVolley_3BOX.aspx?ID=1225&amp;mID=2808&amp;sID=&amp;pID=0&amp;chID=0&amp;phaseID=0&amp;champID=0&amp;Mod=\" target=\"_blank\" rel=\"noopener noreferrer\">aqui<\/a>\u00a0e\u00a0<a href=\"https:\/\/www.volleyball.world\/en\/beachvolleyball\/worldtour\/2020\/954\/schedule\" target=\"_blank\" rel=\"noopener noreferrer\">aqui<\/a><\/p>\n","protected":false},"excerpt":{"rendered":"<p>Guilherme Maia e Filipe Leite\u00a0v\u00e3o representar Portugal no Campeonato da Europa de Sub-20 masculinos, em Voleibol de Praia, a realizar na cidade checa de Brno de 9 a 13 de [&hellip;]<\/p>\n","protected":false},"author":1,"featured_media":1093,"comment_status":"open","ping_status":"open","sticky":false,"template":"","format":"standard","meta":{"_monsterinsights_skip_tracking":false,"_monsterinsights_sitenote_active":false,"_monsterinsights_sitenote_note":"","_monsterinsights_sitenote_category":0,"footnotes":""},"categories":[9],"tags":[],"class_list":{"0":"post-1092","1":"post","2":"type-post","3":"status-publish","4":"format-standard","5":"has-post-thumbnail","7":"category-voleibol-de-praia","8":"czr-hentry"},"aioseo_notices":[],"_links":{"self":[{"href":"https:\/\/fpvoleibol.pt\/fpv\/wp-json\/wp\/v2\/posts\/1092","targetHints":{"allow":["GET"]}}],"collection":[{"href":"https:\/\/fpvoleibol.pt\/fpv\/wp-json\/wp\/v2\/posts"}],"about":[{"href":"https:\/\/fpvoleibol.pt\/fpv\/wp-json\/wp\/v2\/types\/post"}],"author":[{"embeddable":true,"href":"https:\/\/fpvoleibol.pt\/fpv\/wp-json\/wp\/v2\/users\/1"}],"replies":[{"embeddable":true,"href":"https:\/\/fpvoleibol.pt\/fpv\/wp-json\/wp\/v2\/comments?post=1092"}],"version-history":[{"count":1,"href":"https:\/\/fpvoleibol.pt\/fpv\/wp-json\/wp\/v2\/posts\/1092\/revisions"}],"predecessor-version":[{"id":1094,"href":"https:\/\/fpvoleibol.pt\/fpv\/wp-json\/wp\/v2\/posts\/1092\/revisions\/1094"}],"wp:featuredmedia":[{"embeddable":true,"href":"https:\/\/fpvoleibol.pt\/fpv\/wp-json\/wp\/v2\/media\/1093"}],"wp:attachment":[{"href":"https:\/\/fpvoleibol.pt\/fpv\/wp-json\/wp\/v2\/media?parent=1092"}],"wp:term":[{"taxonomy":"category","embeddable":true,"href":"https:\/\/fpvoleibol.pt\/fpv\/wp-json\/wp\/v2\/categories?post=1092"},{"taxonomy":"post_tag","embeddable":true,"href":"https:\/\/fpvoleibol.pt\/fpv\/wp-json\/wp\/v2\/tags?post=1092"}],"curies":[{"name":"wp","href":"https:\/\/api.w.org\/{rel}","templated":true}]}}