{"id":1086,"date":"2020-09-04T09:29:14","date_gmt":"2020-09-04T09:29:14","guid":{"rendered":"https:\/\/fpvoleibol.pt\/fpv\/?p=1086"},"modified":"2020-09-09T09:31:17","modified_gmt":"2020-09-09T09:31:17","slug":"apuramento-para-a-kinder-cup-nas-taipas-e-em-torres-vedras","status":"publish","type":"post","link":"https:\/\/fpvoleibol.pt\/fpv\/2020\/09\/04\/apuramento-para-a-kinder-cup-nas-taipas-e-em-torres-vedras\/","title":{"rendered":"APURAMENTO PARA A KINDER CUP NAS TAIPAS E EM TORRES VEDRAS"},"content":{"rendered":"<p class=\"descricaonoticia\" align=\"center\"><a href=\"https:\/\/www.fpvoleibol.pt\/noticias\/2020\/imagens\/KinderCup_AVB_gd.jpg\" target=\"_blank\" rel=\"noopener noreferrer\"><img loading=\"lazy\" decoding=\"async\" src=\"https:\/\/www.fpvoleibol.pt\/noticias\/2020\/imagens\/KinderCup_AVB_pq.jpg\" width=\"430\" height=\"608\" border=\"1\" \/><\/a><\/p>\n<p class=\"descricaonoticia\" align=\"justify\">\nA\u00a0<strong>Associa\u00e7\u00e3o de Voleibol de Braga (AVB)<\/strong>\u00a0realiza, j\u00e1 este fim-de-semana (5 e 6 Setembro), no relvado sint\u00e9tico do Clube Ca\u00e7adores das Taipas, na Vila de Caldas das Taipas, o seu torneio de apuramento para a Fase Final Nacional da Kinder Cup, agendada para o dia 26 de Setembro.<\/p>\n<p class=\"descricaonoticia\" align=\"justify\">A competi\u00e7\u00e3o \u00e9 organizada pela AVB com a colabora\u00e7\u00e3o da Junta de Freguesia de Caldelas e do CC Taipas, e n\u00e3o ter\u00e1 p\u00fablico em virtude da pandemia, pelo que apenas ter\u00e3o acesso \u00e0s instala\u00e7\u00f5es os atletas e os elementos da organiza\u00e7\u00e3o.<\/p>\n<p class=\"descricaonoticia\" align=\"justify\">A prova destina-se a atletas masculinos e femininos dos\u00a0<a href=\"https:\/\/www.fpvoleibol.pt\/documentacao\/termo-responsabilidade.pdf\" target=\"_blank\" rel=\"noopener noreferrer\">escal\u00f5es de forma\u00e7\u00e3o<\/a>, nomeadamente Infantis, Iniciados, Cadetes, Juvenis e Juniores A.<\/p>\n<p class=\"auto-style1\"><a href=\"https:\/\/www.fpvoleibol.pt\/noticias\/2020\/imagens\/KinderCup_AVL_gd.jpg\" target=\"_blank\" rel=\"noopener noreferrer\"><img loading=\"lazy\" decoding=\"async\" class=\"aligncenter\" src=\"https:\/\/www.fpvoleibol.pt\/noticias\/2020\/imagens\/KinderCup_AVL_pq.jpg\" width=\"430\" height=\"613\" border=\"1\" \/><\/a><\/p>\n<p class=\"descricaonoticia\" align=\"justify\">Por seu turno, a\u00a0<strong>Associa\u00e7\u00e3o de Voleibol de Lisboa (AVL)<\/strong>\u00a0realiza o seu torneio de apuramento no dia 12 de Setembro, no Parque da V\u00e1rzea, em Torres Vedras.<\/p>\n<p class=\"descricaonoticia\" align=\"justify\">A Kinder Cup, Campeonato Nacional de Ar Livre, \u00e9 uma competi\u00e7\u00e3o aberta a atletas da forma\u00e7\u00e3o federados e, que, em condi\u00e7\u00f5es normais, funcionaria como fecho da \u00e9poca desportiva.<\/p>\n","protected":false},"excerpt":{"rendered":"<p>A\u00a0Associa\u00e7\u00e3o de Voleibol de Braga (AVB)\u00a0realiza, j\u00e1 este fim-de-semana (5 e 6 Setembro), no relvado sint\u00e9tico do Clube Ca\u00e7adores das Taipas, na Vila de Caldas das Taipas, o seu torneio [&hellip;]<\/p>\n","protected":false},"author":1,"featured_media":1087,"comment_status":"open","ping_status":"open","sticky":false,"template":"","format":"standard","meta":{"_monsterinsights_skip_tracking":false,"_monsterinsights_sitenote_active":false,"_monsterinsights_sitenote_note":"","_monsterinsights_sitenote_category":0,"footnotes":""},"categories":[12],"tags":[],"class_list":{"0":"post-1086","1":"post","2":"type-post","3":"status-publish","4":"format-standard","5":"has-post-thumbnail","7":"category-gira-volei","8":"czr-hentry"},"aioseo_notices":[],"_links":{"self":[{"href":"https:\/\/fpvoleibol.pt\/fpv\/wp-json\/wp\/v2\/posts\/1086","targetHints":{"allow":["GET"]}}],"collection":[{"href":"https:\/\/fpvoleibol.pt\/fpv\/wp-json\/wp\/v2\/posts"}],"about":[{"href":"https:\/\/fpvoleibol.pt\/fpv\/wp-json\/wp\/v2\/types\/post"}],"author":[{"embeddable":true,"href":"https:\/\/fpvoleibol.pt\/fpv\/wp-json\/wp\/v2\/users\/1"}],"replies":[{"embeddable":true,"href":"https:\/\/fpvoleibol.pt\/fpv\/wp-json\/wp\/v2\/comments?post=1086"}],"version-history":[{"count":1,"href":"https:\/\/fpvoleibol.pt\/fpv\/wp-json\/wp\/v2\/posts\/1086\/revisions"}],"predecessor-version":[{"id":1088,"href":"https:\/\/fpvoleibol.pt\/fpv\/wp-json\/wp\/v2\/posts\/1086\/revisions\/1088"}],"wp:featuredmedia":[{"embeddable":true,"href":"https:\/\/fpvoleibol.pt\/fpv\/wp-json\/wp\/v2\/media\/1087"}],"wp:attachment":[{"href":"https:\/\/fpvoleibol.pt\/fpv\/wp-json\/wp\/v2\/media?parent=1086"}],"wp:term":[{"taxonomy":"category","embeddable":true,"href":"https:\/\/fpvoleibol.pt\/fpv\/wp-json\/wp\/v2\/categories?post=1086"},{"taxonomy":"post_tag","embeddable":true,"href":"https:\/\/fpvoleibol.pt\/fpv\/wp-json\/wp\/v2\/tags?post=1086"}],"curies":[{"name":"wp","href":"https:\/\/api.w.org\/{rel}","templated":true}]}}