{"id":1083,"date":"2020-09-02T09:27:50","date_gmt":"2020-09-02T09:27:50","guid":{"rendered":"https:\/\/fpvoleibol.pt\/fpv\/?p=1083"},"modified":"2020-09-09T09:28:42","modified_gmt":"2020-09-09T09:28:42","slug":"arquivo-para-treinadores","status":"publish","type":"post","link":"https:\/\/fpvoleibol.pt\/fpv\/2020\/09\/02\/arquivo-para-treinadores\/","title":{"rendered":"ARQUIVO PARA TREINADORES"},"content":{"rendered":"<p class=\"descricaonoticia\" align=\"center\"><img loading=\"lazy\" decoding=\"async\" src=\"https:\/\/www.fpvoleibol.pt\/noticias\/2020\/imagens\/treinadores_portugal_480.jpg\" width=\"480\" height=\"270\" border=\"1\" \/><\/p>\n<p class=\"descricaonoticia\" align=\"justify\">\nA\u00a0<strong>Confedera\u00e7\u00e3o de Treinadores de Portugal<\/strong>\u00a0est\u00e1 a organizar um arquivo de partilha e consulta de planos de treino e exerc\u00edcios para as modalidades classificadas de m\u00e9dio e alto risco na\u00a0<a href=\"https:\/\/www.dgs.pt\/normas-orientacoes-e-informacoes\/orientacoes-e-circulares-informativas\/orientacao-n-0362020-de-25082020-pdf.aspx\" target=\"_blank\" rel=\"noopener noreferrer\">Orienta\u00e7\u00e3o 036\/2020 da Direc\u00e7\u00e3o-Geral de Sa\u00fade (DGS<\/a>).<\/p>\n<p class=\"descricaonoticia\" align=\"justify\">A<em>\u00a0Treinadores de Portugal<\/em>\u00a0solicita a colabora\u00e7\u00e3o de todos os treinadores no sentido de ajudarem a enriquecer o referido arquivo, enviando os planos de treino\/exerc\u00edcios que j\u00e1 tenham organizado para irem ao encontro das necessidades dos treinadores neste tempo de pandemia.<\/p>\n<p class=\"descricaonoticia\" align=\"justify\">Segundo os organizadores, &#8220;<em>pretende-se que este seja um espa\u00e7o de treinadores para treinadores. Ou seja, que o arquivo possa ser alimentado com planos de treinos adaptados \u00e0s restri\u00e7\u00f5es COVID-19 por treinadores que tenham interesse em colaborar e partilhar voluntariamente, mas que seja tamb\u00e9m uma fonte de consulta e apoio a treinadores.<br \/>\nO arquivo de partilha e consulta de planos de treino est\u00e1 dividido pelas diversas modalidades, mas existir\u00e3o certamente alguns treinos que podem ser aproveitados por outras modalidades em interdisciplinaridade.<br \/>\nNesta primeira fase n\u00e3o ser\u00e3o permitidos v\u00eddeos para garantir a protec\u00e7\u00e3o de dados de atletas e treinadores e ao enviar os planos de treino em pdf o treinador aceita partilhar voluntariamente os conte\u00fados, abdicando de direitos de autor<\/em>.&#8221;<\/p>\n<p class=\"descricaonoticia\" align=\"justify\">Os interessados em participar podem enviar os planos de treino em formato pdf para treinos@treinadores.pt, indicando: nome e apelido do treinador; n\u00famero da TPTD; modalidade; faixa et\u00e1ria a que se destina; o seu plano de treino\/exerc\u00edcio.<\/p>\n<p class=\"auto-style1\"><img loading=\"lazy\" decoding=\"async\" class=\"aligncenter\" src=\"https:\/\/www.fpvoleibol.pt\/noticias\/2020\/imagens\/Treinos_ctp.jpg\" width=\"480\" height=\"270\" border=\"1\" \/><\/p>\n<p class=\"descricaonoticia\" align=\"justify\">O arquivo de partilha e consulta de treinos, que ir\u00e1 sendo actualizado, j\u00e1 est\u00e1 dispon\u00edvel em\u00a0<a href=\"https:\/\/treinadores.pt\/en\/treinadores\/planos-de-treinos-com-restricoes-covid-19\" target=\"_blank\" rel=\"noopener noreferrer\">https:\/\/treinadores.pt\/en\/treinadores\/planos-de-treinos-com-restricoes-covid-19<\/a><\/p>\n","protected":false},"excerpt":{"rendered":"<p>A\u00a0Confedera\u00e7\u00e3o de Treinadores de Portugal\u00a0est\u00e1 a organizar um arquivo de partilha e consulta de planos de treino e exerc\u00edcios para as modalidades classificadas de m\u00e9dio e alto risco na\u00a0Orienta\u00e7\u00e3o 036\/2020 [&hellip;]<\/p>\n","protected":false},"author":1,"featured_media":1084,"comment_status":"open","ping_status":"open","sticky":false,"template":"","format":"standard","meta":{"_monsterinsights_skip_tracking":false,"_monsterinsights_sitenote_active":false,"_monsterinsights_sitenote_note":"","_monsterinsights_sitenote_category":0,"footnotes":""},"categories":[11,8],"tags":[],"class_list":{"0":"post-1083","1":"post","2":"type-post","3":"status-publish","4":"format-standard","5":"has-post-thumbnail","7":"category-formacao","8":"category-voleibol","9":"czr-hentry"},"aioseo_notices":[],"_links":{"self":[{"href":"https:\/\/fpvoleibol.pt\/fpv\/wp-json\/wp\/v2\/posts\/1083","targetHints":{"allow":["GET"]}}],"collection":[{"href":"https:\/\/fpvoleibol.pt\/fpv\/wp-json\/wp\/v2\/posts"}],"about":[{"href":"https:\/\/fpvoleibol.pt\/fpv\/wp-json\/wp\/v2\/types\/post"}],"author":[{"embeddable":true,"href":"https:\/\/fpvoleibol.pt\/fpv\/wp-json\/wp\/v2\/users\/1"}],"replies":[{"embeddable":true,"href":"https:\/\/fpvoleibol.pt\/fpv\/wp-json\/wp\/v2\/comments?post=1083"}],"version-history":[{"count":1,"href":"https:\/\/fpvoleibol.pt\/fpv\/wp-json\/wp\/v2\/posts\/1083\/revisions"}],"predecessor-version":[{"id":1085,"href":"https:\/\/fpvoleibol.pt\/fpv\/wp-json\/wp\/v2\/posts\/1083\/revisions\/1085"}],"wp:featuredmedia":[{"embeddable":true,"href":"https:\/\/fpvoleibol.pt\/fpv\/wp-json\/wp\/v2\/media\/1084"}],"wp:attachment":[{"href":"https:\/\/fpvoleibol.pt\/fpv\/wp-json\/wp\/v2\/media?parent=1083"}],"wp:term":[{"taxonomy":"category","embeddable":true,"href":"https:\/\/fpvoleibol.pt\/fpv\/wp-json\/wp\/v2\/categories?post=1083"},{"taxonomy":"post_tag","embeddable":true,"href":"https:\/\/fpvoleibol.pt\/fpv\/wp-json\/wp\/v2\/tags?post=1083"}],"curies":[{"name":"wp","href":"https:\/\/api.w.org\/{rel}","templated":true}]}}