{"id":1081,"date":"2020-09-01T09:26:27","date_gmt":"2020-09-01T09:26:27","guid":{"rendered":"https:\/\/fpvoleibol.pt\/fpv\/?p=1081"},"modified":"2020-09-09T09:27:22","modified_gmt":"2020-09-09T09:27:22","slug":"plano-de-contingencia-e-regulamento-de-retoma-do-voleibol","status":"publish","type":"post","link":"https:\/\/fpvoleibol.pt\/fpv\/2020\/09\/01\/plano-de-contingencia-e-regulamento-de-retoma-do-voleibol\/","title":{"rendered":"PLANO DE CONTING\u00caNCIA E REGULAMENTO DE RETOMA DO VOLEIBOL"},"content":{"rendered":"<p class=\"descricaonoticia\" align=\"center\"><img loading=\"lazy\" decoding=\"async\" src=\"https:\/\/www.fpvoleibol.pt\/noticias\/2019\/imagens\/FPV2.jpg\" width=\"480\" height=\"270\" border=\"1\" \/><\/p>\n<p class=\"descricaonoticia\" align=\"justify\">\nNo seguimento da\u00a0<a href=\"https:\/\/www.dgs.pt\/normas-orientacoes-e-informacoes\/orientacoes-e-circulares-informativas\/orientacao-n-0362020-de-25082020-pdf.aspx\" target=\"_blank\" rel=\"noopener noreferrer\">Orienta\u00e7\u00e3o 036\/2020 da Direc\u00e7\u00e3o-Geral de Sa\u00fade (DGS<\/a>), a Federa\u00e7\u00e3o Portuguesa de Voleibol (FPV) elaborou o seu Plano de Conting\u00eancia, que est\u00e1 a partir de hoje dispon\u00edvel no seu site oficial.<\/p>\n<p class=\"descricaonoticia\" align=\"justify\">A FPV elaborou ainda um Regulamento para a Retoma da Pr\u00e1tica Competitiva do Voleibol \u2013 Covid-19, igualmente dispon\u00edvel na sua p\u00e1gina oficial (www.fpvoleibol.pt) e que est\u00e1 a ser enviado para os clubes e associa\u00e7\u00f5es.<\/p>\n<p class=\"descricaonoticia\" align=\"justify\">Mais informa\u00e7\u00f5es\u00a0<a href=\"https:\/\/www.fpvoleibol.pt\/covid19.php\" target=\"_blank\" rel=\"noopener noreferrer\">aqui<\/a><\/p>\n","protected":false},"excerpt":{"rendered":"<p>No seguimento da\u00a0Orienta\u00e7\u00e3o 036\/2020 da Direc\u00e7\u00e3o-Geral de Sa\u00fade (DGS), a Federa\u00e7\u00e3o Portuguesa de Voleibol (FPV) elaborou o seu Plano de Conting\u00eancia, que est\u00e1 a partir de hoje dispon\u00edvel no seu [&hellip;]<\/p>\n","protected":false},"author":1,"featured_media":763,"comment_status":"open","ping_status":"open","sticky":false,"template":"","format":"standard","meta":{"_monsterinsights_skip_tracking":false,"_monsterinsights_sitenote_active":false,"_monsterinsights_sitenote_note":"","_monsterinsights_sitenote_category":0,"footnotes":""},"categories":[14],"tags":[],"class_list":{"0":"post-1081","1":"post","2":"type-post","3":"status-publish","4":"format-standard","5":"has-post-thumbnail","7":"category-institucional","8":"czr-hentry"},"aioseo_notices":[],"_links":{"self":[{"href":"https:\/\/fpvoleibol.pt\/fpv\/wp-json\/wp\/v2\/posts\/1081","targetHints":{"allow":["GET"]}}],"collection":[{"href":"https:\/\/fpvoleibol.pt\/fpv\/wp-json\/wp\/v2\/posts"}],"about":[{"href":"https:\/\/fpvoleibol.pt\/fpv\/wp-json\/wp\/v2\/types\/post"}],"author":[{"embeddable":true,"href":"https:\/\/fpvoleibol.pt\/fpv\/wp-json\/wp\/v2\/users\/1"}],"replies":[{"embeddable":true,"href":"https:\/\/fpvoleibol.pt\/fpv\/wp-json\/wp\/v2\/comments?post=1081"}],"version-history":[{"count":1,"href":"https:\/\/fpvoleibol.pt\/fpv\/wp-json\/wp\/v2\/posts\/1081\/revisions"}],"predecessor-version":[{"id":1082,"href":"https:\/\/fpvoleibol.pt\/fpv\/wp-json\/wp\/v2\/posts\/1081\/revisions\/1082"}],"wp:featuredmedia":[{"embeddable":true,"href":"https:\/\/fpvoleibol.pt\/fpv\/wp-json\/wp\/v2\/media\/763"}],"wp:attachment":[{"href":"https:\/\/fpvoleibol.pt\/fpv\/wp-json\/wp\/v2\/media?parent=1081"}],"wp:term":[{"taxonomy":"category","embeddable":true,"href":"https:\/\/fpvoleibol.pt\/fpv\/wp-json\/wp\/v2\/categories?post=1081"},{"taxonomy":"post_tag","embeddable":true,"href":"https:\/\/fpvoleibol.pt\/fpv\/wp-json\/wp\/v2\/tags?post=1081"}],"curies":[{"name":"wp","href":"https:\/\/api.w.org\/{rel}","templated":true}]}}