{"id":10803,"date":"2021-11-04T12:13:02","date_gmt":"2021-11-04T11:13:02","guid":{"rendered":"https:\/\/fpvoleibol.pt\/fpv\/?p=10803"},"modified":"2021-11-04T12:16:24","modified_gmt":"2021-11-04T11:16:24","slug":"9-a-jornada-da-liga-lidl","status":"publish","type":"post","link":"https:\/\/fpvoleibol.pt\/fpv\/2021\/11\/04\/9-a-jornada-da-liga-lidl\/","title":{"rendered":"9.\u00aa JORNADA DA LIGA LIDL"},"content":{"rendered":"<p><img loading=\"lazy\" decoding=\"async\" class=\"size-full wp-image-9830 aligncenter\" src=\"https:\/\/fpvoleibol.pt\/fpv\/wp-content\/uploads\/2021\/09\/noticias_lidl1_d.jpg\" alt=\"\" width=\"960\" height=\"542\" srcset=\"https:\/\/fpvoleibol.pt\/fpv\/wp-content\/uploads\/2021\/09\/noticias_lidl1_d.jpg 960w, https:\/\/fpvoleibol.pt\/fpv\/wp-content\/uploads\/2021\/09\/noticias_lidl1_d-300x169.jpg 300w, https:\/\/fpvoleibol.pt\/fpv\/wp-content\/uploads\/2021\/09\/noticias_lidl1_d-768x434.jpg 768w, https:\/\/fpvoleibol.pt\/fpv\/wp-content\/uploads\/2021\/09\/noticias_lidl1_d-528x297.jpg 528w\" sizes=\"auto, (max-width: 960px) 100vw, 960px\" \/>Na 9.\u00aa jornada da <a href=\"https:\/\/fpvoleibol.pt\/fpv\/wp-content\/uploads\/2021\/09\/reg_esc_seniores_Ligas.pdf\">1.\u00aa Fase<\/a> da <a href=\"https:\/\/fpv-web.dataproject.com\/CompetitionHome.aspx?ID=53\">Liga Lidl,<\/a> a disputar no fim-de-semana, a AJM\/FC Porto, l\u00edder isolada e \u00fanica equipa ainda invicta, \u00e9 a anfitri\u00e3 do PV 2014\/Academia de Voleibol Col\u00e9gio Efanor.<br \/>\nEm sua persegui\u00e7\u00e3o, e ambos a tr\u00eas pontos do l\u00edder, est\u00e3o o Sporting CP e o Leix\u00f5es SC. As <em>leoas<\/em> de Alvalade recebem o AVC Famalic\u00e3o, enquanto as <em>sereias<\/em> de Matosinhos visitam o Boavista FC.<br \/>\nO Cast\u00ealo da Maia GC x Lus\u00f3fona VC ser\u00e1 transmitido em directo na <a href=\"https:\/\/youtu.be\/nN3AvpLFi1Q\">Volei TV<\/a>.<\/p>\n<p style=\"text-align: center;\"><strong>9.\u00aa Jornada* da <a href=\"https:\/\/fpv-web.dataproject.com\/CompetitionHome.aspx?ID=53\">Liga Lidl<\/a><\/strong><\/p>\n<p><span style=\"text-decoration: underline;\"><strong>7.Novembro.2021<\/strong><\/span><br \/>\n<strong>13h00<\/strong> \u2013 AJM\/FC Porto x PV 2014\/Academia Voleibol Col\u00e9gio Efanor, no Centro Luso Venezolano &#8211; <a href=\"https:\/\/portocanal.sapo.pt\/programacao\/2021-11-07\"><strong><span style=\"color: #3366ff;\">Porto Canal<\/span><\/strong><\/a><br \/>\n<strong>13h00 locais<\/strong> \u2013 Clube Kair\u00f3s x SC Espinho, no Pav. da Kair\u00f3s<br \/>\n<strong>15h00<\/strong> \u2013 Boavista FC x Leix\u00f5es SC, no Pav. Esc. EB 2\/3 Irene Lisboa<br \/>\n<strong>15h00<\/strong> \u2013 GC Vilacondense x Vit\u00f3ria SC, no Pav. Desp. Vila do Conde<br \/>\n<strong>15h00<\/strong> \u2013 Sporting CP x AVC Famalic\u00e3o, no Pav. Jo\u00e3o Rocha<br \/>\n<strong>16h00<\/strong> \u2013 Cast\u00ealo da Maia GC x Lus\u00f3fona VC, no Pav. Cast\u00ealo Maia GC \u2013 em directo na <a href=\"https:\/\/www.volei.tv\/\">Volei TV<\/a><br \/>\n<strong>17h00<\/strong> \u2013 CD Aves\/Termolan x SL Benfica, no Pav. CD Aves<br \/>\n<span style=\"font-size: 8pt;\"><strong>* <a href=\"https:\/\/portugalvoleibol.com\/classificacao\/\">Dias e\/ou hor\u00e1rios podem sofrer altera\u00e7\u00f5es<\/a><\/strong><\/span><\/p>\n<p style=\"text-align: center;\" align=\"justify\">Calend\u00e1rio, resultados, estat\u00edstica e <em>live streaming<\/em> em <a href=\"https:\/\/fpv-web.dataproject.com\/MainHome.aspx?\">https:\/\/fpv-web.dataproject.com\/MainHome.aspx?<\/a><br \/>\nEquipas de arbitragem em <a href=\"https:\/\/fpvoleibol.pt\/fpv\/arbitragem\/nomeacoes\/\">https:\/\/fpvoleibol.pt\/fpv\/arbitragem\/nomeacoes\/<\/a><\/p>\n<p style=\"text-align: center;\"><span style=\"text-decoration: underline;\"><strong>Ver plant\u00e9is das equipas <a href=\"https:\/\/fpv-web.dataproject.com\/CompetitionTeamSearch.aspx?ID=53\">aqui<\/a> e\u00a0<\/strong><\/span><a href=\"https:\/\/fpvoleibol.pt\/fpv\/wp-content\/uploads\/2021\/10\/Classificacao_e_desempate.pdf\">Modo de disputa 2021\/2022<\/a><\/p>\n","protected":false},"excerpt":{"rendered":"<p>Na 9.\u00aa jornada da 1.\u00aa Fase da Liga Lidl, a disputar no fim-de-semana, a AJM\/FC Porto, l\u00edder isolada e \u00fanica equipa ainda invicta, \u00e9 a anfitri\u00e3 do PV 2014\/Academia de [&hellip;]<\/p>\n","protected":false},"author":2,"featured_media":9829,"comment_status":"open","ping_status":"open","sticky":false,"template":"","format":"standard","meta":{"_monsterinsights_skip_tracking":false,"_monsterinsights_sitenote_active":false,"_monsterinsights_sitenote_note":"","_monsterinsights_sitenote_category":0,"footnotes":""},"categories":[13,8,31],"tags":[47,55],"class_list":{"0":"post-10803","1":"post","2":"type-post","3":"status-publish","4":"format-standard","5":"has-post-thumbnail","7":"category-arbitragem","8":"category-voleibol","9":"category-voleitv","10":"tag-epoca-2021-2022","11":"tag-liga-lidl","12":"czr-hentry"},"aioseo_notices":[],"_links":{"self":[{"href":"https:\/\/fpvoleibol.pt\/fpv\/wp-json\/wp\/v2\/posts\/10803","targetHints":{"allow":["GET"]}}],"collection":[{"href":"https:\/\/fpvoleibol.pt\/fpv\/wp-json\/wp\/v2\/posts"}],"about":[{"href":"https:\/\/fpvoleibol.pt\/fpv\/wp-json\/wp\/v2\/types\/post"}],"author":[{"embeddable":true,"href":"https:\/\/fpvoleibol.pt\/fpv\/wp-json\/wp\/v2\/users\/2"}],"replies":[{"embeddable":true,"href":"https:\/\/fpvoleibol.pt\/fpv\/wp-json\/wp\/v2\/comments?post=10803"}],"version-history":[{"count":6,"href":"https:\/\/fpvoleibol.pt\/fpv\/wp-json\/wp\/v2\/posts\/10803\/revisions"}],"predecessor-version":[{"id":10816,"href":"https:\/\/fpvoleibol.pt\/fpv\/wp-json\/wp\/v2\/posts\/10803\/revisions\/10816"}],"wp:featuredmedia":[{"embeddable":true,"href":"https:\/\/fpvoleibol.pt\/fpv\/wp-json\/wp\/v2\/media\/9829"}],"wp:attachment":[{"href":"https:\/\/fpvoleibol.pt\/fpv\/wp-json\/wp\/v2\/media?parent=10803"}],"wp:term":[{"taxonomy":"category","embeddable":true,"href":"https:\/\/fpvoleibol.pt\/fpv\/wp-json\/wp\/v2\/categories?post=10803"},{"taxonomy":"post_tag","embeddable":true,"href":"https:\/\/fpvoleibol.pt\/fpv\/wp-json\/wp\/v2\/tags?post=10803"}],"curies":[{"name":"wp","href":"https:\/\/api.w.org\/{rel}","templated":true}]}}