{"id":1075,"date":"2020-08-31T09:22:38","date_gmt":"2020-08-31T09:22:38","guid":{"rendered":"https:\/\/fpvoleibol.pt\/fpv\/?p=1075"},"modified":"2020-09-09T09:23:21","modified_gmt":"2020-09-09T09:23:21","slug":"turcas-campeas-europeias-de-sub-19","status":"publish","type":"post","link":"https:\/\/fpvoleibol.pt\/fpv\/2020\/08\/31\/turcas-campeas-europeias-de-sub-19\/","title":{"rendered":"TURCAS CAMPE\u00c3S EUROPEIAS DE SUB-19"},"content":{"rendered":"<p class=\"descricaonoticia\" align=\"center\"><img loading=\"lazy\" decoding=\"async\" src=\"https:\/\/www.fpvoleibol.pt\/noticias\/2020\/imagens\/sub-19turcascampeaseuropeias.jpg\" width=\"480\" height=\"270\" border=\"1\" \/><\/p>\n<p class=\"descricaonoticia\" align=\"justify\">A Turquia venceu a S\u00e9rvia numa final verdadeiramente emocionante, cheia de reviravoltas no marcador (<a href=\"https:\/\/www.cev.eu\/Competition-Area\/MatchStatistics.aspx?ID=38205\" target=\"_blank\" rel=\"noopener noreferrer\">3-2: 25-17, 16-25, 23-25, 25-16 e 15-8<\/a>), e sagrou-se campe\u00e3 europeia de Sub-19 femininos.<br \/>\nA turca Ipar Ozay Kurt, com 28 pontos, cotou-se como a melhor pontuadora do jogo, seguida da sua compatriota Sude Hacimustafaoglu e da s\u00e9rvia Vanja Savic, ambas com 20 pontos.<\/p>\n<p class=\"descricaonoticia\" align=\"justify\">Ao atingirem a final, as turcas e as s\u00e9rvias qualificaram-se automaticamente para a edi\u00e7\u00e3o de 2021 do Campeonato do Mundo de Sub-20 Femininos.<\/p>\n<p class=\"descricaonoticia\" align=\"justify\">Neste Europeu disputado na B\u00f3snia Herzegovina, a Bielorr\u00fassia completou o p\u00f3dio ao derrotar a Fran\u00e7a por\u00a0<a href=\"https:\/\/www.cev.eu\/Competition-Area\/MatchStatistics.aspx?ID=38204\" target=\"_blank\" rel=\"noopener noreferrer\">3-1 (25-18, 25-21, 23-25 e 27-25)<\/a>, pese embora os 30 pontos contabilizados pela gaulesa Guewe Diouf.<\/p>\n<p class=\"descricaonoticia\" align=\"justify\"><strong>Classifica\u00e7\u00e3o fina<\/strong>l*<br \/>\n1.\u00aa Turquia; 2.\u00aa S\u00e9rvia; 3. Bielorr\u00fassia; 4.\u00aa Fran\u00e7a; 5.\u00aa Pol\u00f3nia; 6.\u00aa Bulg\u00e1ria; 7.\u00aa Cro\u00e1cia; 8.\u00aa Eslov\u00e1quia; 9.\u00aa B\u00f3snia-Herzegovina.<strong><span class=\"auto-style1\"><br \/>\n* It\u00e1lia, R\u00fassia e Alemanha retiraram-se do torneio antes do in\u00edcio da competi\u00e7\u00e3o<\/span><\/strong><\/p>\n<p class=\"descricaonoticia\" align=\"justify\">Mais informa\u00e7\u00f5es\u00a0<a href=\"https:\/\/www.cev.eu\/Competition-Area\/CompetitionView.aspx?ID=1201\" target=\"_blank\" rel=\"noopener noreferrer\">aqui<\/a><\/p>\n","protected":false},"excerpt":{"rendered":"<p>A Turquia venceu a S\u00e9rvia numa final verdadeiramente emocionante, cheia de reviravoltas no marcador (3-2: 25-17, 16-25, 23-25, 25-16 e 15-8), e sagrou-se campe\u00e3 europeia de Sub-19 femininos. A turca [&hellip;]<\/p>\n","protected":false},"author":1,"featured_media":1076,"comment_status":"open","ping_status":"open","sticky":false,"template":"","format":"standard","meta":{"_monsterinsights_skip_tracking":false,"_monsterinsights_sitenote_active":false,"_monsterinsights_sitenote_note":"","_monsterinsights_sitenote_category":0,"footnotes":""},"categories":[8],"tags":[],"class_list":{"0":"post-1075","1":"post","2":"type-post","3":"status-publish","4":"format-standard","5":"has-post-thumbnail","7":"category-voleibol","8":"czr-hentry"},"aioseo_notices":[],"_links":{"self":[{"href":"https:\/\/fpvoleibol.pt\/fpv\/wp-json\/wp\/v2\/posts\/1075","targetHints":{"allow":["GET"]}}],"collection":[{"href":"https:\/\/fpvoleibol.pt\/fpv\/wp-json\/wp\/v2\/posts"}],"about":[{"href":"https:\/\/fpvoleibol.pt\/fpv\/wp-json\/wp\/v2\/types\/post"}],"author":[{"embeddable":true,"href":"https:\/\/fpvoleibol.pt\/fpv\/wp-json\/wp\/v2\/users\/1"}],"replies":[{"embeddable":true,"href":"https:\/\/fpvoleibol.pt\/fpv\/wp-json\/wp\/v2\/comments?post=1075"}],"version-history":[{"count":1,"href":"https:\/\/fpvoleibol.pt\/fpv\/wp-json\/wp\/v2\/posts\/1075\/revisions"}],"predecessor-version":[{"id":1077,"href":"https:\/\/fpvoleibol.pt\/fpv\/wp-json\/wp\/v2\/posts\/1075\/revisions\/1077"}],"wp:featuredmedia":[{"embeddable":true,"href":"https:\/\/fpvoleibol.pt\/fpv\/wp-json\/wp\/v2\/media\/1076"}],"wp:attachment":[{"href":"https:\/\/fpvoleibol.pt\/fpv\/wp-json\/wp\/v2\/media?parent=1075"}],"wp:term":[{"taxonomy":"category","embeddable":true,"href":"https:\/\/fpvoleibol.pt\/fpv\/wp-json\/wp\/v2\/categories?post=1075"},{"taxonomy":"post_tag","embeddable":true,"href":"https:\/\/fpvoleibol.pt\/fpv\/wp-json\/wp\/v2\/tags?post=1075"}],"curies":[{"name":"wp","href":"https:\/\/api.w.org\/{rel}","templated":true}]}}