{"id":1072,"date":"2020-08-28T09:18:42","date_gmt":"2020-08-28T09:18:42","guid":{"rendered":"https:\/\/fpvoleibol.pt\/fpv\/?p=1072"},"modified":"2020-09-09T09:19:37","modified_gmt":"2020-09-09T09:19:37","slug":"9-o-lugar-em-montpellier-para-pedrosa-campos","status":"publish","type":"post","link":"https:\/\/fpvoleibol.pt\/fpv\/2020\/08\/28\/9-o-lugar-em-montpellier-para-pedrosa-campos\/","title":{"rendered":"9.\u00ba LUGAR EM MONTPELLIER PARA PEDROSA\/CAMPOS"},"content":{"rendered":"<p class=\"descricaonoticia\" align=\"center\"><img loading=\"lazy\" decoding=\"async\" src=\"https:\/\/www.fpvoleibol.pt\/noticias\/2020\/imagens\/Joao_Pedrosa_Montpellier.jpg\" width=\"460\" height=\"307\" border=\"1\" \/><\/p>\n<p class=\"descricaonoticia\" align=\"justify\">Chegou hoje ao fim a primeira\u00a0<em>odisseia<\/em>\u00a0de n\u00edvel mundial de Jo\u00e3o Pedrosa e Hugo Campos.<br \/>\nA jovem dupla portuguesa, vice-campe\u00e3 nacional, classificou-se no 9.\u00ba lugar final do Open de Montpellier, etapa do Circuito Mundial de Voleibol de Praia (Beach Volley World Tour) ao perder com os italianos Alex Ranghieri e Daniele Sablone pela margem m\u00ednima (1-2: 13-21, 21-18 e 10-15), na eliminat\u00f3ria dos oitavos-de-final.<\/p>\n<p class=\"auto-style1\"><img loading=\"lazy\" decoding=\"async\" class=\"aligncenter\" src=\"https:\/\/www.fpvoleibol.pt\/noticias\/2020\/imagens\/Campos_Pedrosa_Montpellier.jpg\" width=\"460\" height=\"307\" border=\"1\" \/><\/p>\n<p class=\"descricaonoticia\" align=\"justify\">Recorde-se ainda que\u00a0<strong>Guilherme Maia e Filipe Leite<\/strong>\u00a0se classificaram no 21.\u00ba lugar na sua estreia a n\u00edvel internacional ao perderem (0-2: 19-21 e 15-21) frente \u00e0 dupla holandesa Leon Luini\/Matthew Immers na 1.\u00aa Ronda da Fase de Qualifica\u00e7\u00e3o.<\/p>\n<p>Os atletas portugueses viajaram para Montpellier acompanhados pelo seu treinador,\u00a0<strong>Leonel Gomes<\/strong>.<\/p>\n<p class=\"auto-style1\"><img loading=\"lazy\" decoding=\"async\" class=\"aligncenter\" src=\"https:\/\/www.fpvoleibol.pt\/noticias\/2020\/imagens\/montpellier_tds.jpg\" width=\"430\" height=\"410\" border=\"1\" \/><\/p>\n<p class=\"descricaonoticia\" align=\"justify\">Mais informa\u00e7\u00f5es\u00a0<a href=\"https:\/\/www.volleyball.world\/en\/beachvolleyball\/worldtour\/2020\/954\/schedule\" target=\"_blank\" rel=\"noopener noreferrer\">aqui<\/a><\/p>\n","protected":false},"excerpt":{"rendered":"<p>Chegou hoje ao fim a primeira\u00a0odisseia\u00a0de n\u00edvel mundial de Jo\u00e3o Pedrosa e Hugo Campos. A jovem dupla portuguesa, vice-campe\u00e3 nacional, classificou-se no 9.\u00ba lugar final do Open de Montpellier, etapa [&hellip;]<\/p>\n","protected":false},"author":1,"featured_media":1073,"comment_status":"open","ping_status":"open","sticky":false,"template":"","format":"standard","meta":{"_monsterinsights_skip_tracking":false,"_monsterinsights_sitenote_active":false,"_monsterinsights_sitenote_note":"","_monsterinsights_sitenote_category":0,"footnotes":""},"categories":[9],"tags":[],"class_list":{"0":"post-1072","1":"post","2":"type-post","3":"status-publish","4":"format-standard","5":"has-post-thumbnail","7":"category-voleibol-de-praia","8":"czr-hentry"},"aioseo_notices":[],"_links":{"self":[{"href":"https:\/\/fpvoleibol.pt\/fpv\/wp-json\/wp\/v2\/posts\/1072","targetHints":{"allow":["GET"]}}],"collection":[{"href":"https:\/\/fpvoleibol.pt\/fpv\/wp-json\/wp\/v2\/posts"}],"about":[{"href":"https:\/\/fpvoleibol.pt\/fpv\/wp-json\/wp\/v2\/types\/post"}],"author":[{"embeddable":true,"href":"https:\/\/fpvoleibol.pt\/fpv\/wp-json\/wp\/v2\/users\/1"}],"replies":[{"embeddable":true,"href":"https:\/\/fpvoleibol.pt\/fpv\/wp-json\/wp\/v2\/comments?post=1072"}],"version-history":[{"count":1,"href":"https:\/\/fpvoleibol.pt\/fpv\/wp-json\/wp\/v2\/posts\/1072\/revisions"}],"predecessor-version":[{"id":1074,"href":"https:\/\/fpvoleibol.pt\/fpv\/wp-json\/wp\/v2\/posts\/1072\/revisions\/1074"}],"wp:featuredmedia":[{"embeddable":true,"href":"https:\/\/fpvoleibol.pt\/fpv\/wp-json\/wp\/v2\/media\/1073"}],"wp:attachment":[{"href":"https:\/\/fpvoleibol.pt\/fpv\/wp-json\/wp\/v2\/media?parent=1072"}],"wp:term":[{"taxonomy":"category","embeddable":true,"href":"https:\/\/fpvoleibol.pt\/fpv\/wp-json\/wp\/v2\/categories?post=1072"},{"taxonomy":"post_tag","embeddable":true,"href":"https:\/\/fpvoleibol.pt\/fpv\/wp-json\/wp\/v2\/tags?post=1072"}],"curies":[{"name":"wp","href":"https:\/\/api.w.org\/{rel}","templated":true}]}}