{"id":10712,"date":"2021-11-02T13:58:14","date_gmt":"2021-11-02T12:58:14","guid":{"rendered":"https:\/\/fpvoleibol.pt\/fpv\/?p=10712"},"modified":"2021-11-03T16:58:27","modified_gmt":"2021-11-03T15:58:27","slug":"portugueses-no-mundo-28","status":"publish","type":"post","link":"https:\/\/fpvoleibol.pt\/fpv\/2021\/11\/02\/portugueses-no-mundo-28\/","title":{"rendered":"PORTUGUESES NO MUNDO"},"content":{"rendered":"<p style=\"text-align: left;\"><img loading=\"lazy\" decoding=\"async\" class=\"alignnone size-full wp-image-9299\" src=\"https:\/\/fpvoleibol.pt\/fpv\/wp-content\/uploads\/2021\/09\/porxgrecia_alex_d.jpg\" alt=\"\" width=\"960\" height=\"649\" srcset=\"https:\/\/fpvoleibol.pt\/fpv\/wp-content\/uploads\/2021\/09\/porxgrecia_alex_d.jpg 960w, https:\/\/fpvoleibol.pt\/fpv\/wp-content\/uploads\/2021\/09\/porxgrecia_alex_d-300x203.jpg 300w, https:\/\/fpvoleibol.pt\/fpv\/wp-content\/uploads\/2021\/09\/porxgrecia_alex_d-768x519.jpg 768w\" sizes=\"auto, (max-width: 960px) 100vw, 960px\" \/><br \/>\nNa Coreia do Sul, o Woori Card Wibee, de <strong>Alexandre Ferreira<\/strong>, somou a primeira vit\u00f3ria na <a href=\"https:\/\/www.kovo.co.kr\/eng\/kovo\/50000_game.asp\">V-League<\/a> \u2013 venceu, como anfitri\u00e3o, o Kepco (3-0: 25-18, 25-23 e 25-17) \u2013 e, <span style=\"text-decoration: underline;\">hoje<\/span>, esteve perto de conseguir a segunda, no recinto do<br \/>\nSamsung Blue Fangs, tendo sa\u00eddo derrotado pela margem m\u00ednima: 2-3 (22-25, 25-23, 25-11, 22-25 e 9-15).<br \/>\nNo dia 6 de Novembro, o Woori visita o KB Stars (7.\u00ba), antiga equipa do capit\u00e3o da Selec\u00e7\u00e3o Nacional.<br \/>\nNa \u00e9poca passada, Alex Ferreira sagrou-se <a href=\"https:\/\/fpvoleibol.pt\/fpv\/2021\/04\/17\/triple-crown-para-alex\/\">vice-campe\u00e3o sul-coreano<\/a> ao servi\u00e7o do Woori.<\/p>\n<p style=\"text-align: left;\">Na Pol\u00f3nia, o Aluron CMC Warta Zawiercie, de <strong>Miguel Tavares Rodrigues, <\/strong>subiu ao 4.\u00ba lugar na <a href=\"https:\/\/www.plusliga.pl\/table.html\">PlusLiga<\/a> ap\u00f3s regressar \u00e0s vit\u00f3rias na recep\u00e7\u00e3o \u00e0 antiga equipa do distribuidor da Selec\u00e7\u00e3o Nacional: <a href=\"https:\/\/www.plusliga.pl\/games\/id\/1101545.html\">3-2 (25-20, 24-26, 15-25, 25-22 e 15-11)<\/a> ao Cuprum Lubin.<br \/>\nNo dia 6 de Novembro, o Aluron visita o Cerrad Enea Czarni Radom (9.\u00ba).<\/p>\n<p style=\"text-align: center;\"><span style=\"font-size: 10pt;\"><strong><img loading=\"lazy\" decoding=\"async\" class=\"alignnone size-full wp-image-10720\" src=\"https:\/\/fpvoleibol.pt\/fpv\/wp-content\/uploads\/2021\/11\/lourenco_saintnazaire_d.jpg\" alt=\"\" width=\"960\" height=\"960\" srcset=\"https:\/\/fpvoleibol.pt\/fpv\/wp-content\/uploads\/2021\/11\/lourenco_saintnazaire_d.jpg 960w, https:\/\/fpvoleibol.pt\/fpv\/wp-content\/uploads\/2021\/11\/lourenco_saintnazaire_d-300x300.jpg 300w, https:\/\/fpvoleibol.pt\/fpv\/wp-content\/uploads\/2021\/11\/lourenco_saintnazaire_d-150x150.jpg 150w, https:\/\/fpvoleibol.pt\/fpv\/wp-content\/uploads\/2021\/11\/lourenco_saintnazaire_d-768x768.jpg 768w, https:\/\/fpvoleibol.pt\/fpv\/wp-content\/uploads\/2021\/11\/lourenco_saintnazaire_d-510x510.jpg 510w\" sizes=\"auto, (max-width: 960px) 100vw, 960px\" \/><br \/>\nFoto<\/strong>: <a href=\"https:\/\/www.facebook.com\/snvba\/\">SNVBA<\/a><\/span><\/p>\n<p style=\"text-align: left;\">Em Fran\u00e7a, o Saint-Nazaire VB Atlantique, de <strong>Louren\u00e7o Martins<\/strong>, somou a quarta vit\u00f3ria consecutiva pela margem m\u00e1xima (em igual n\u00famero de jogos) ao receber e derrotar, com sets disputad\u00edssimos (<a href=\"https:\/\/datavolley.lnv.fr\/2021\/DataVolley\/Men\/LBM022-2022.pdf\">3-0: 32-30, 25-23 26-24<\/a>), o Grand Nancy, remetendo o seu mais directo rival para a 2.\u00aa posi\u00e7\u00e3o na tabela classificativa e assumindo a lideran\u00e7a isolada da <em>Ligue B<\/em>.<br \/>\nO Zona 4 da Selec\u00e7\u00e3o Nacional contabilizou 5 pontos (3 ataques, 1 servi\u00e7o e 1 bloco).<br \/>\nNo dia 6 de Novembro, o Saint-Nazaire visita o Ajaccio (5.\u00ba), antiga equipa de Carlos Silveira (Clube K).<\/p>\n<p style=\"text-align: left;\">Na Alemanha, o Unabh\u00e4ngiger Sportclub M\u00fcnster, de<strong> Marta Hurst<\/strong>, caiu para o 7.\u00ba lugar na <a href=\"https:\/\/www.volleyball-bundesliga.de\/cms\/home\/1_bundesliga_frauen.xhtml\">1. Bundesliga Frauen<\/a>., ap\u00f3s ter perdido (<a href=\"https:\/\/www.volleyball-bundesliga.de\/uploads\/59164c80-c83c-4567-92c9-6bc3054cf3a7\">1-3: 21-25, 25-23, 21-25 e 21-25<\/a>) em casa do Ladies in Black Aachen, antiga equipa do treinador Filipe Carrasco.<br \/>\nA capit\u00e3 da Selec\u00e7\u00e3o Nacional contabilizou 12 pontos (11 ataques e 1 bloco).<br \/>\nNo dia 13 de Novembro, o Munster recebe o SC Schweriner (9.\u00ba), mas antes, no dia 7 de Novembro, visita o Unterhaching em jogo da Ta\u00e7a da Alemanha.<\/p>\n<p>Em It\u00e1lia, o Tenaglia Altino Volley, de <strong>J\u00falia Kavalenka<\/strong>, perdeu por\u00a0<a href=\"https:\/\/www.legavolleyfemminile.it\/?page_id=47322&amp;idgara=744848\">1-3 (17-25, 25-23, 16-25 e 17-25)<\/a> na visita ao Green Warriors Sassuolo. A internacional lusitana registou 10 pontos no ataque e cotou-se como a segunda melhor pontuadora da sua equipa.<br \/>\nO Tenaglia, que \u00e9 actualmente o 11.\u00ba classificado da <a href=\"https:\/\/www.legavolleyfemminile.it\/?page_id=320&amp;idcamp=710267\">S\u00e9rie A2 italiana de 2021\/2022<\/a>, recebe amanh\u00e3 o CBF Balducci HR Macerata (6.\u00ba) e no dia 7 de Novembro o Seap Dalli Cardillo Aragona (10.\u00ba).<\/p>\n<p style=\"text-align: center;\"><span style=\"text-decoration: underline;\"><strong>\u00c1rbitros portugueses em ac\u00e7\u00e3o nas competi\u00e7\u00f5es internacionais<\/strong><\/span><\/p>\n<p><strong>Pedro Pinto<\/strong><br \/>\nSVG L\u00fcneburg Gesch\u00e4ftsstelle (Alemanha) x Ribnica Kraljevo (S\u00e9rvia), dos 32 avos-de-final da Ta\u00e7a CEV &#8211; masculinos, no dia 10 de Novembro de 2021.<\/p>\n<p><strong>Nuno Maia<\/strong><br \/>\nGran Canaria (Espanha) x Branik Maribor (Eslov\u00e9nia), dos 16 avos-de-final da Ta\u00e7a CEV &#8211; femininos, no dia 17 de Novembro de 2021.<\/p>\n<p><strong>Raquel Portela<\/strong><br \/>\nCAI Teruel (Espanha) x Tectum Achel (B\u00e9lgica), dos 16 avos-de-final da Challenge Cup &#8211; masculinos, no dia 1 de Dezembro de 2021.<br \/>\nSanaya Libby\u00b4s La Laguna (Espanha) x Apollo 8 Borne (Holanda), dos 16 avos-de-final da Challenge Cup &#8211; femininos, no dia 24 de Novembro de 2021.<\/p>\n<p><strong>Jos\u00e9 Caramez<\/strong><br \/>\nApollo 8 Borne (Holanda) x Sanaya Libby\u00b4s La Laguna (Espanha), dos 16 avos-de-final da Challenge Cup &#8211; femininos, no dia 18 de Novembro de 2021.<\/p>\n<p><strong>Nuno Teixeira<\/strong><br \/>\nVencedor da eliminat\u00f3ria VKP Bratislava (Eslov\u00e1quia) x Athens ASP Thetis Voula (Gr\u00e9cia) x Savino Del Bene Scandicci (It\u00e1lia), dos 16 avos-de-final da Challenge Cup &#8211; femininos, no dia 16, 17 ou 18 de Novembro de 2021.<\/p>\n<p class=\"auto-style1\" style=\"text-align: center;\"><span style=\"text-decoration: underline;\">Atletas \/ t\u00e9cnicos que actuam no estrangeiro e\/ou com<b> *inscri\u00e7\u00e3o iniciada em 2021\/2022<\/b>:<\/span><\/p>\n<p><a href=\"http:\/\/www.wooricardwibee.com\/main\/main.asp\" target=\"_blank\" rel=\"noopener noreferrer\">Woori Card Wibee (Coreia do Sul)<\/a>\u00a0\u2013 Alexandre Ferreira<br \/>\n<a href=\"http:\/\/www.plusliga.pl\/en\/teams\/id\/30288.html\" target=\"_blank\" rel=\"noopener noreferrer\">Aluron Warta Zawiercie (Pol\u00f3nia)<\/a> \u2013 Miguel Tavares Rodrigues<br \/>\n<a href=\"https:\/\/www.usc-muenster.de\/\">USC Munster (Alemanha)<\/a> \u2013 Marta Hurst<br \/>\n<a href=\"http:\/\/www.snvba.net\/\" target=\"_blank\" rel=\"noopener noreferrer\">Saint-Nazaire VB Atlantique (Fran\u00e7a)<\/a> \u2013 Louren\u00e7o Martins<br \/>\n<a href=\"https:\/\/www.facebook.com\/altinovolley\/\">Tenaglia Altino Volley (It\u00e1lia)<\/a> \u2013 J\u00falia Kavalenka<br \/>\n<a href=\"https:\/\/www.facebook.com\/voleititanii\/\">AV Olimpia Titanii Bucuresti (Rom\u00e9nia)<\/a>\u00a0\u2013 Jos\u00e9 Pedro Gomes<br \/>\n<a href=\"https:\/\/www.boucvolley.com\/\">Beauvais Oise UC (Fran\u00e7a)<\/a> &#8211; Jos\u00e9 Vieira<br \/>\n<a href=\"https:\/\/www.netzhoppers.org\/\">Netzhoppers KW-Bestensee (Alemanha)<\/a> \u2013 Jos\u00e9 Jardim<br \/>\n<a href=\"https:\/\/www.istres-volley.fr\/equipe-premiere\/lequipe\/\" target=\"_blank\" rel=\"noopener noreferrer\">Istres Ouest-Provence Volley-Ball (Fran\u00e7a)<\/a>\u00a0\u2013 Beatriz Santos<br \/>\n<a href=\"http:\/\/www.szegedvolley.com\/\">Szegedi R\u00f6plabda Sportegyes\u00fclet (Hungria)<\/a> \u2013 In\u00eas Pereira<br \/>\n<a href=\"https:\/\/www.facebook.com\/MgarrVolleyballClub\/\">Mgarr Volleyball Club (Malta)<\/a> \u2013 Beatriz Reis da Silva<br \/>\n<a href=\"https:\/\/scorenco.com\/volley\/clubs\/ent-sport-meylan-la-tronche\/equipes\/ent-sport-meylan-la-tronche\/\">Ent Sport Meylan La Tronche (Fran\u00e7a)<\/a> \u2013 S\u00e9rgio Filipe Miranda<br \/>\n<a href=\"https:\/\/www.facebook.com\/asberckvolleyball\/\">AS Berck Volley-ball (Fran\u00e7a)<\/a> \u2013 Ana Rita Lisboa<br \/>\n<a href=\"https:\/\/amvb-amiens.fr\/\" target=\"_blank\" rel=\"noopener noreferrer\">Amiens M\u00e9tropole Volley-Ball (Fran\u00e7a)<\/a>\u00a0\u2013 Andr\u00e9 Mata<br \/>\n<a href=\"http:\/\/www.le-volleys.de\/regionalliga-ost.html\" target=\"_blank\" rel=\"noopener noreferrer\">LE Volleys (Alemanha, Regionalliga)<\/a>\u00a0\u2013 Matilde Silveira<br \/>\n<a href=\"https:\/\/www.facebook.com\/ecovolleyofficiel\" target=\"_blank\" rel=\"noopener noreferrer\">Etudiant Club Orleanais (Fran\u00e7a)<\/a>\u00a0\u2013 Joana Gonzalez<br \/>\n<a href=\"https:\/\/southamptonvolleyball.co.uk\/\">Southampton Volleyball Clube (Inglaterra)<\/a> \u2013 Ema Sofia Carneiro<br \/>\n<a href=\"https:\/\/southamptonvolleyball.co.uk\/\">Southampton Volleyball Clube (Inglaterra)<\/a> \u2013 Maria Lima Antunes<br \/>\n<a href=\"http:\/\/www.volleyballengland.org\/competitions\/national_volleyball_league\/league_tables?comp=VE1&amp;season=VE36637368&amp;division=VE48686060\" target=\"_blank\" rel=\"noopener noreferrer\">Durham Palatinates Women (Inglaterra)<\/a>\u00a0\u2013 Susana Veiga<br \/>\n<a href=\"https:\/\/readingaces.wordpress.com\/\">Reading Aces (Inglaterra)<\/a> \u2013 Paulina Lemos<br \/>\n<a href=\"https:\/\/www.volleyclubs.be\/capciwb\/\">CAPCI WB (B\u00e9lgica)<\/a> \u2013 Jo\u00e3o Andr\u00e9<br \/>\n<a href=\"https:\/\/www.facebook.com\/clubvoleiboltorredembarra\/\">CEVOL Torreembarra (Espanha)<\/a> \u2013 Daniel Carvalho<br \/>\n<a href=\"https:\/\/www.facebook.com\/ssovbc\/\">VBC Servette Star-Onex (Su\u00ed\u00e7a)<\/a> \u2013 Rui Santos<br \/>\n<a href=\"https:\/\/www.facebook.com\/Annemasse-Volley-282348375455806\/\">Annemasse Voley 74 (Fran\u00e7a)<\/a> \u2013 Cris\u00e1lida Borges<br \/>\n<a href=\"https:\/\/www.facebook.com\/VBPNiort\">VB Pexinois Niort (Fran\u00e7a)<\/a> \u2013 Vict\u00f3ria Soares<br \/>\n<a href=\"https:\/\/www.facebook.com\/AlCaudryVolleyBall\">AL Caudry VB (Fran\u00e7a)<\/a> \u2013 Alexandre Dinis Vieira<\/p>\n<p><strong>(&#8230;)<\/strong><\/p>\n<p><a href=\"https:\/\/fpvoleibol.pt\/fpv\/2021\/10\/21\/portugueses-no-mundo-26\/\"><span class=\"auto-style7\"><strong>Treinadores<\/strong><\/span><\/a>:<br \/>\n<a href=\"https:\/\/www.facebook.com\/ZESARVFM\/\">Volleyball Franches-Montagnes (Su\u00ed\u00e7a)<\/a> &#8211; Rui Moreira<br \/>\n<a href=\"https:\/\/www.facebook.com\/ZESARVFM\/\">Volleyball Franches-Montagnes (Su\u00ed\u00e7a)<\/a> &#8211; Eduardo Faustino<br \/>\n<a href=\"https:\/\/www.istres-volley.fr\/equipe-premiere\/lequipe\/\" target=\"_blank\" rel=\"noopener noreferrer\">Istres Ouest-Provence Volley-Ball (Fran\u00e7a)<\/a>\u00a0\u2013 Andr\u00e9 S\u00e1<br \/>\n<a href=\"https:\/\/www.facebook.com\/Martigues-Volley-Ball-488153908335478\">Martigues VB (Fran\u00e7a)<\/a> \u2013 Jo\u00e3o Scheltinga<br \/>\n<a href=\"https:\/\/www.facebook.com\/Club-Voleibol-Sayre-Mayser-Gran-Canaria-174626499227342\/\">CV Sayre Mayser Gran Canaria (Espanha)<\/a> \u2013 R\u00faben Fevereiro<br \/>\n<a href=\"https:\/\/www.volleya.ch\/\">Raiffeisen Volleya Obwalden NLB<\/a> \u2013 Filipe Carrasco Soares<br \/>\n<a href=\"https:\/\/www.svenskalag.se\/DegerforsvolleyOrion\">Degerfors Volley Orion (Su\u00e9cia)<\/a> \u2013 Ivan Nunes<br \/>\n<a href=\"https:\/\/www.facebook.com\/Blue-volei-clube-1752350595073998\/\" target=\"_blank\" rel=\"noopener noreferrer\">Blue Volei Clube (Angola)<\/a>\u00a0\u2013 Andr\u00e9 Pereira<br \/>\n<a href=\"https:\/\/www.facebook.com\/policevolleyballqatar\/\">Police SC Volleyball (Catar)<\/a> \u2013 Idner Martins<\/p>\n","protected":false},"excerpt":{"rendered":"<p>Na Coreia do Sul, o Woori Card Wibee, de Alexandre Ferreira, somou a primeira vit\u00f3ria na V-League \u2013 venceu, como anfitri\u00e3o, o Kepco (3-0: 25-18, 25-23 e 25-17) \u2013 e, [&hellip;]<\/p>\n","protected":false},"author":2,"featured_media":9602,"comment_status":"open","ping_status":"open","sticky":false,"template":"","format":"standard","meta":{"_monsterinsights_skip_tracking":false,"_monsterinsights_sitenote_active":false,"_monsterinsights_sitenote_note":"","_monsterinsights_sitenote_category":0,"footnotes":""},"categories":[8],"tags":[47,52],"class_list":{"0":"post-10712","1":"post","2":"type-post","3":"status-publish","4":"format-standard","5":"has-post-thumbnail","7":"category-voleibol","8":"tag-epoca-2021-2022","9":"tag-portugueses-no-mundo","10":"czr-hentry"},"aioseo_notices":[],"_links":{"self":[{"href":"https:\/\/fpvoleibol.pt\/fpv\/wp-json\/wp\/v2\/posts\/10712","targetHints":{"allow":["GET"]}}],"collection":[{"href":"https:\/\/fpvoleibol.pt\/fpv\/wp-json\/wp\/v2\/posts"}],"about":[{"href":"https:\/\/fpvoleibol.pt\/fpv\/wp-json\/wp\/v2\/types\/post"}],"author":[{"embeddable":true,"href":"https:\/\/fpvoleibol.pt\/fpv\/wp-json\/wp\/v2\/users\/2"}],"replies":[{"embeddable":true,"href":"https:\/\/fpvoleibol.pt\/fpv\/wp-json\/wp\/v2\/comments?post=10712"}],"version-history":[{"count":13,"href":"https:\/\/fpvoleibol.pt\/fpv\/wp-json\/wp\/v2\/posts\/10712\/revisions"}],"predecessor-version":[{"id":10784,"href":"https:\/\/fpvoleibol.pt\/fpv\/wp-json\/wp\/v2\/posts\/10712\/revisions\/10784"}],"wp:featuredmedia":[{"embeddable":true,"href":"https:\/\/fpvoleibol.pt\/fpv\/wp-json\/wp\/v2\/media\/9602"}],"wp:attachment":[{"href":"https:\/\/fpvoleibol.pt\/fpv\/wp-json\/wp\/v2\/media?parent=10712"}],"wp:term":[{"taxonomy":"category","embeddable":true,"href":"https:\/\/fpvoleibol.pt\/fpv\/wp-json\/wp\/v2\/categories?post=10712"},{"taxonomy":"post_tag","embeddable":true,"href":"https:\/\/fpvoleibol.pt\/fpv\/wp-json\/wp\/v2\/tags?post=10712"}],"curies":[{"name":"wp","href":"https:\/\/api.w.org\/{rel}","templated":true}]}}