{"id":10703,"date":"2021-11-01T16:36:40","date_gmt":"2021-11-01T15:36:40","guid":{"rendered":"https:\/\/fpvoleibol.pt\/fpv\/?p=10703"},"modified":"2021-11-01T16:54:15","modified_gmt":"2021-11-01T15:54:15","slug":"voleibol-de-luto-5","status":"publish","type":"post","link":"https:\/\/fpvoleibol.pt\/fpv\/2021\/11\/01\/voleibol-de-luto-5\/","title":{"rendered":"VOLEIBOL DE LUTO"},"content":{"rendered":"<p><img loading=\"lazy\" decoding=\"async\" class=\"alignnone size-full wp-image-10705\" src=\"https:\/\/fpvoleibol.pt\/fpv\/wp-content\/uploads\/2021\/11\/manuel_andrade_d.jpg\" alt=\"\" width=\"960\" height=\"554\" srcset=\"https:\/\/fpvoleibol.pt\/fpv\/wp-content\/uploads\/2021\/11\/manuel_andrade_d.jpg 960w, https:\/\/fpvoleibol.pt\/fpv\/wp-content\/uploads\/2021\/11\/manuel_andrade_d-300x173.jpg 300w, https:\/\/fpvoleibol.pt\/fpv\/wp-content\/uploads\/2021\/11\/manuel_andrade_d-768x443.jpg 768w\" sizes=\"auto, (max-width: 960px) 100vw, 960px\" \/><\/p>\n<p>A <span style=\"text-decoration: underline;\">Federa\u00e7\u00e3o Portuguesa de Voleibol<\/span> manifesta o seu profundo pesar pelo falecimento de\u00a0<strong>Manuel Eduardo Andrade<\/strong>\u00a0e envia as mais sinceras condol\u00eancias \u00e0 fam\u00edlia enlutada, extens\u00edveis \u00e0 <span style=\"text-decoration: underline;\">Associa\u00e7\u00e3o de Voleibol Lisboa<\/span>, institui\u00e7\u00e3o ao servi\u00e7o da qual desempenhou, com empenho e dedica\u00e7\u00e3o, as fun\u00e7\u00f5es de \u00e1rbitro, associando-se desta forma ao momento de luto que a modalidade atravessa.<u><\/u><u><\/u><\/p>\n<p><strong>Manuel Eduardo<\/strong> faleceu ontem, aos 71 anos, v\u00edtima de doen\u00e7a prolongada. Foi praticante de Voleibol no Sport Lisboa e Benfica e no Clube Nacional de Gin\u00e1stica, mas distinguiu-se principalmente como \u00e1rbitro de Voleibol, tendo iniciado a sua carreira em 1980. Conhecido pelo rigor e justeza nas suas decis\u00f5es, fez tamb\u00e9m carreira no Voleibol de Praia, onde se destacou nas muitas etapas do Circuito Nacional e nas etapas do Circuito Mundial da FIVB organizadas pela FPV em Espinho.<br \/>\n<u><\/u><u><\/u>A sua compet\u00eancia, rigor, dedica\u00e7\u00e3o e resili\u00eancia, aliadas a um ser humano de relacionamento simples e direto com todos os intervenientes do jogo, ficar\u00e3o marcados para sempre na mem\u00f3ria de todos os que com ele privaram.<u><\/u><u><\/u><\/p>\n<p>O corpo de Manuel Andrade estar\u00e1 em c\u00e2mara ardente a partir das 16h30 de hoje, na capela mortu\u00e1ria da\u00a0<strong>Igreja da Parede<\/strong>, de onde sair\u00e1, <u>amanh\u00e3, pelas 11h00, para a realiza\u00e7\u00e3o do funeral no Cemit\u00e9rio de S\u00e3o Domingos de Rana<\/u>.<\/p>\n","protected":false},"excerpt":{"rendered":"<p>A Federa\u00e7\u00e3o Portuguesa de Voleibol manifesta o seu profundo pesar pelo falecimento de\u00a0Manuel Eduardo Andrade\u00a0e envia as mais sinceras condol\u00eancias \u00e0 fam\u00edlia enlutada, extens\u00edveis \u00e0 Associa\u00e7\u00e3o de Voleibol Lisboa, institui\u00e7\u00e3o [&hellip;]<\/p>\n","protected":false},"author":2,"featured_media":10704,"comment_status":"open","ping_status":"open","sticky":false,"template":"","format":"standard","meta":{"_monsterinsights_skip_tracking":false,"_monsterinsights_sitenote_active":false,"_monsterinsights_sitenote_note":"","_monsterinsights_sitenote_category":0,"footnotes":""},"categories":[13,20,8,9],"tags":[],"class_list":{"0":"post-10703","1":"post","2":"type-post","3":"status-publish","4":"format-standard","5":"has-post-thumbnail","7":"category-arbitragem","8":"category-destaque","9":"category-voleibol","10":"category-voleibol-de-praia","11":"czr-hentry"},"aioseo_notices":[],"_links":{"self":[{"href":"https:\/\/fpvoleibol.pt\/fpv\/wp-json\/wp\/v2\/posts\/10703","targetHints":{"allow":["GET"]}}],"collection":[{"href":"https:\/\/fpvoleibol.pt\/fpv\/wp-json\/wp\/v2\/posts"}],"about":[{"href":"https:\/\/fpvoleibol.pt\/fpv\/wp-json\/wp\/v2\/types\/post"}],"author":[{"embeddable":true,"href":"https:\/\/fpvoleibol.pt\/fpv\/wp-json\/wp\/v2\/users\/2"}],"replies":[{"embeddable":true,"href":"https:\/\/fpvoleibol.pt\/fpv\/wp-json\/wp\/v2\/comments?post=10703"}],"version-history":[{"count":3,"href":"https:\/\/fpvoleibol.pt\/fpv\/wp-json\/wp\/v2\/posts\/10703\/revisions"}],"predecessor-version":[{"id":10708,"href":"https:\/\/fpvoleibol.pt\/fpv\/wp-json\/wp\/v2\/posts\/10703\/revisions\/10708"}],"wp:featuredmedia":[{"embeddable":true,"href":"https:\/\/fpvoleibol.pt\/fpv\/wp-json\/wp\/v2\/media\/10704"}],"wp:attachment":[{"href":"https:\/\/fpvoleibol.pt\/fpv\/wp-json\/wp\/v2\/media?parent=10703"}],"wp:term":[{"taxonomy":"category","embeddable":true,"href":"https:\/\/fpvoleibol.pt\/fpv\/wp-json\/wp\/v2\/categories?post=10703"},{"taxonomy":"post_tag","embeddable":true,"href":"https:\/\/fpvoleibol.pt\/fpv\/wp-json\/wp\/v2\/tags?post=10703"}],"curies":[{"name":"wp","href":"https:\/\/api.w.org\/{rel}","templated":true}]}}