{"id":1069,"date":"2020-08-28T09:16:51","date_gmt":"2020-08-28T09:16:51","guid":{"rendered":"https:\/\/fpvoleibol.pt\/fpv\/?p=1069"},"modified":"2020-09-09T09:18:03","modified_gmt":"2020-09-09T09:18:03","slug":"wevza-convocatoria-para-treinos-regulares-de-sub-17-masculinos","status":"publish","type":"post","link":"https:\/\/fpvoleibol.pt\/fpv\/2020\/08\/28\/wevza-convocatoria-para-treinos-regulares-de-sub-17-masculinos\/","title":{"rendered":"WEVZA: CONVOCAT\u00d3RIA PARA TREINOS REGULARES DE SUB-17 MASCULINOS"},"content":{"rendered":"<p class=\"descricaonoticia\" align=\"center\"><img loading=\"lazy\" decoding=\"async\" class=\"auto-style1\" src=\"https:\/\/www.fpvoleibol.pt\/noticias\/2020\/imagens\/portugalxletonia.jpg\" width=\"480\" height=\"270\" border=\"1\" \/><\/p>\n<p class=\"auto-style2\" align=\"justify\">Tendo em vista a participa\u00e7\u00e3o da\u00a0<strong>Selec\u00e7\u00e3o Nacional de Sub-17 Masculinos<\/strong>\u00a0no\u00a0<span class=\"auto-style7\">Torneio da WEVZA<\/span>, a disputar em Janeiro de 2021, e em considera\u00e7\u00e3o as sess\u00f5es de treinos de observa\u00e7\u00e3o j\u00e1 realizadas este ano, a equipa t\u00e9cnica liderada por\u00a0<strong>Nuno Pereira<\/strong>\u00a0convocou hoje um grupo de\u00a0<strong>19 atletas<\/strong>\u00a0para treinos regulares.<\/p>\n<p class=\"auto-style2\" align=\"justify\">Em per\u00edodo excepcional (at\u00e9 ao dia 11 de Setembro), os treinos decorrer\u00e3o de segunda a sexta-feira, das 18h00 \u00e0s 21h30, nas instala\u00e7\u00f5es desportivas da Escola Secund\u00e1ria Carolina Michaelis, no Porto.<br \/>\nA partir de 14 de Setembro, os treinos ser\u00e3o efectuados de segunda a quinta-feira.<\/p>\n<p class=\"descricaonoticia\" align=\"justify\"><strong><span class=\"auto-style7\">Convocados<\/span><\/strong><\/p>\n<p class=\"auto-style2\" align=\"justify\"><strong>AA Espinho<\/strong><br \/>\nAndr\u00e9 Santos<br \/>\nCarlos Ramos<br \/>\nJorge Marques<\/p>\n<p class=\"auto-style2\" align=\"justify\"><strong>Ala Nun&#8217;\u00c1lvares de Gondomar<\/strong><br \/>\nMiguel Morais Pereira<\/p>\n<p class=\"auto-style2\" align=\"justify\"><strong>Amares V\u00f3lei<\/strong><br \/>\nAndr\u00e9 Gon\u00e7alves<\/p>\n<p class=\"auto-style2\" align=\"justify\"><strong>CA Madalena<\/strong><br \/>\nGon\u00e7alo Ferreira<\/p>\n<p class=\"auto-style2\" align=\"justify\"><strong>CV Oeiras<\/strong><br \/>\nDiogo Fevereiro<br \/>\nDuarte Abecassis<\/p>\n<p class=\"auto-style2\" align=\"justify\"><strong>Esmoriz GC<\/strong><br \/>\nGustavo Sousa<br \/>\nPedro Morais Santos<\/p>\n<p class=\"auto-style2\" align=\"justify\"><strong>Esc. Latino Coelho<\/strong><br \/>\nRafael Esperan\u00e7o<\/p>\n<p class=\"auto-style2\" align=\"justify\"><strong>Leix\u00f5es SC<\/strong><br \/>\nJo\u00e3o J\u00fanior<br \/>\nManuel Catarino<\/p>\n<p class=\"auto-style2\" align=\"justify\"><strong>SC Espinho<\/strong><br \/>\nFrancisco Mendes<br \/>\nLeonardo Pereira<br \/>\nMiguel Pedrosa<\/p>\n<p class=\"auto-style2\" align=\"justify\"><strong>VC Viana<br \/>\n<\/strong>Jo\u00e3o Oliveira<br \/>\nJo\u00e3o Salgueiro<br \/>\nJos\u00e9 Rafael Oliveira<\/p>\n<p class=\"auto-style2\" align=\"justify\"><span class=\"auto-style7\"><strong>NOTA<\/strong><\/span>: A equipa t\u00e9cnica ir\u00e1 continuar a desenvolver o seu processo de identifica\u00e7\u00e3o e selec\u00e7\u00e3o de atletas durante a \u00e9poca desportiva, os quais poder\u00e3o ser oportunamente chamados para observa\u00e7\u00e3o.<\/p>\n","protected":false},"excerpt":{"rendered":"<p>Tendo em vista a participa\u00e7\u00e3o da\u00a0Selec\u00e7\u00e3o Nacional de Sub-17 Masculinos\u00a0no\u00a0Torneio da WEVZA, a disputar em Janeiro de 2021, e em considera\u00e7\u00e3o as sess\u00f5es de treinos de observa\u00e7\u00e3o j\u00e1 realizadas este [&hellip;]<\/p>\n","protected":false},"author":1,"featured_media":1070,"comment_status":"open","ping_status":"open","sticky":false,"template":"","format":"standard","meta":{"_monsterinsights_skip_tracking":false,"_monsterinsights_sitenote_active":false,"_monsterinsights_sitenote_note":"","_monsterinsights_sitenote_category":0,"footnotes":""},"categories":[8],"tags":[],"class_list":{"0":"post-1069","1":"post","2":"type-post","3":"status-publish","4":"format-standard","5":"has-post-thumbnail","7":"category-voleibol","8":"czr-hentry"},"aioseo_notices":[],"_links":{"self":[{"href":"https:\/\/fpvoleibol.pt\/fpv\/wp-json\/wp\/v2\/posts\/1069","targetHints":{"allow":["GET"]}}],"collection":[{"href":"https:\/\/fpvoleibol.pt\/fpv\/wp-json\/wp\/v2\/posts"}],"about":[{"href":"https:\/\/fpvoleibol.pt\/fpv\/wp-json\/wp\/v2\/types\/post"}],"author":[{"embeddable":true,"href":"https:\/\/fpvoleibol.pt\/fpv\/wp-json\/wp\/v2\/users\/1"}],"replies":[{"embeddable":true,"href":"https:\/\/fpvoleibol.pt\/fpv\/wp-json\/wp\/v2\/comments?post=1069"}],"version-history":[{"count":1,"href":"https:\/\/fpvoleibol.pt\/fpv\/wp-json\/wp\/v2\/posts\/1069\/revisions"}],"predecessor-version":[{"id":1071,"href":"https:\/\/fpvoleibol.pt\/fpv\/wp-json\/wp\/v2\/posts\/1069\/revisions\/1071"}],"wp:featuredmedia":[{"embeddable":true,"href":"https:\/\/fpvoleibol.pt\/fpv\/wp-json\/wp\/v2\/media\/1070"}],"wp:attachment":[{"href":"https:\/\/fpvoleibol.pt\/fpv\/wp-json\/wp\/v2\/media?parent=1069"}],"wp:term":[{"taxonomy":"category","embeddable":true,"href":"https:\/\/fpvoleibol.pt\/fpv\/wp-json\/wp\/v2\/categories?post=1069"},{"taxonomy":"post_tag","embeddable":true,"href":"https:\/\/fpvoleibol.pt\/fpv\/wp-json\/wp\/v2\/tags?post=1069"}],"curies":[{"name":"wp","href":"https:\/\/api.w.org\/{rel}","templated":true}]}}