{"id":1065,"date":"2020-08-27T22:43:38","date_gmt":"2020-08-27T22:43:38","guid":{"rendered":"https:\/\/fpvoleibol.pt\/fpv\/?p=1065"},"modified":"2020-08-27T22:43:38","modified_gmt":"2020-08-27T22:43:38","slug":"pedrosa-e-campos-apurados-para-os-oitavos-em-montpellier","status":"publish","type":"post","link":"https:\/\/fpvoleibol.pt\/fpv\/2020\/08\/27\/pedrosa-e-campos-apurados-para-os-oitavos-em-montpellier\/","title":{"rendered":"PEDROSA E CAMPOS APURADOS PARA OS OITAVOS EM MONTPELLIER"},"content":{"rendered":"<p class=\"descricaonoticia\" align=\"center\"><img loading=\"lazy\" decoding=\"async\" src=\"https:\/\/www.fpvoleibol.pt\/noticias\/2020\/imagens\/pedrosaeCampos_d1.jpg\" width=\"460\" height=\"307\" border=\"1\" \/><\/p>\n<p class=\"descricaonoticia\" align=\"justify\"><strong>Jo\u00e3o Pedrosa e Hugo Campos<\/strong>\u00a0venceram hoje os franceses J\u00e9r\u00e9my Silvestre e Titouan Halle pela margem m\u00e1xima (2-0: 21-18 e 21-16) e apuraram-se para os oitavos-de-final do Quadro Principal da etapa de 1 estrela do Beach Volley World Tour (Circuito Mundial de Voleibol de Praia) que est\u00e1 a ser disputada na localidade francesa de Montpellier.<\/p>\n<p class=\"auto-style1\"><img loading=\"lazy\" decoding=\"async\" class=\"aligncenter\" src=\"https:\/\/www.fpvoleibol.pt\/noticias\/2020\/imagens\/pedrosaeCampos_d2.jpg\" width=\"460\" height=\"307\" border=\"1\" \/><\/p>\n<p class=\"descricaonoticia\" align=\"justify\">Os vice-campe\u00f5es nacionais estavam inseridos na\u00a0<a href=\"https:\/\/www.volleyball.world\/en\/beachvolleyball\/worldtour\/2020\/mmon2020\/men\/results\/maindraw#anchorPB\" target=\"_blank\" rel=\"noopener noreferrer\">Pool B<\/a>, juntamente com os germ\u00e2nicos Max Betzien\/Dirk Westphal, os irm\u00e3os chilenos Marco e Esteban Grimalt e os gauleses J\u00e9r\u00e9my Silvestre e Titouan Halle.<\/p>\n<p class=\"descricaonoticia\" align=\"justify\">Recorde-se que\u00a0<strong>Guilherme Maia e Filipe Leite<\/strong>\u00a0se classificaram no 21.\u00ba lugar na sua estreia a n\u00edvel internacional ao perderem (0-2: 19-21 e 15-21) frente \u00e0 dupla holandesa Leon Luini\/Matthew Immers na 1.\u00aa Ronda da Fase de Qualifica\u00e7\u00e3o.<\/p>\n<p>Os atletas portugueses est\u00e3o em Montpellier acompanhados pelo seu treinador,\u00a0<strong>Leonel Gomes<\/strong>.<\/p>\n<p class=\"auto-style1\"><img loading=\"lazy\" decoding=\"async\" class=\"aligncenter\" src=\"https:\/\/www.fpvoleibol.pt\/noticias\/2020\/imagens\/montpellier_tds.jpg\" width=\"430\" height=\"410\" border=\"1\" \/><\/p>\n<p class=\"descricaonoticia\" align=\"justify\">Mais informa\u00e7\u00f5es\u00a0<a href=\"https:\/\/www.volleyball.world\/en\/beachvolleyball\/worldtour\/2020\/954\/schedule\" target=\"_blank\" rel=\"noopener noreferrer\">aqui<\/a><\/p>\n","protected":false},"excerpt":{"rendered":"<p>Jo\u00e3o Pedrosa e Hugo Campos\u00a0venceram hoje os franceses J\u00e9r\u00e9my Silvestre e Titouan Halle pela margem m\u00e1xima (2-0: 21-18 e 21-16) e apuraram-se para os oitavos-de-final do Quadro Principal da etapa [&hellip;]<\/p>\n","protected":false},"author":1,"featured_media":1066,"comment_status":"open","ping_status":"open","sticky":false,"template":"","format":"standard","meta":{"_monsterinsights_skip_tracking":false,"_monsterinsights_sitenote_active":false,"_monsterinsights_sitenote_note":"","_monsterinsights_sitenote_category":0,"footnotes":""},"categories":[9],"tags":[],"class_list":{"0":"post-1065","1":"post","2":"type-post","3":"status-publish","4":"format-standard","5":"has-post-thumbnail","7":"category-voleibol-de-praia","8":"czr-hentry"},"aioseo_notices":[],"_links":{"self":[{"href":"https:\/\/fpvoleibol.pt\/fpv\/wp-json\/wp\/v2\/posts\/1065","targetHints":{"allow":["GET"]}}],"collection":[{"href":"https:\/\/fpvoleibol.pt\/fpv\/wp-json\/wp\/v2\/posts"}],"about":[{"href":"https:\/\/fpvoleibol.pt\/fpv\/wp-json\/wp\/v2\/types\/post"}],"author":[{"embeddable":true,"href":"https:\/\/fpvoleibol.pt\/fpv\/wp-json\/wp\/v2\/users\/1"}],"replies":[{"embeddable":true,"href":"https:\/\/fpvoleibol.pt\/fpv\/wp-json\/wp\/v2\/comments?post=1065"}],"version-history":[{"count":1,"href":"https:\/\/fpvoleibol.pt\/fpv\/wp-json\/wp\/v2\/posts\/1065\/revisions"}],"predecessor-version":[{"id":1067,"href":"https:\/\/fpvoleibol.pt\/fpv\/wp-json\/wp\/v2\/posts\/1065\/revisions\/1067"}],"wp:featuredmedia":[{"embeddable":true,"href":"https:\/\/fpvoleibol.pt\/fpv\/wp-json\/wp\/v2\/media\/1066"}],"wp:attachment":[{"href":"https:\/\/fpvoleibol.pt\/fpv\/wp-json\/wp\/v2\/media?parent=1065"}],"wp:term":[{"taxonomy":"category","embeddable":true,"href":"https:\/\/fpvoleibol.pt\/fpv\/wp-json\/wp\/v2\/categories?post=1065"},{"taxonomy":"post_tag","embeddable":true,"href":"https:\/\/fpvoleibol.pt\/fpv\/wp-json\/wp\/v2\/tags?post=1065"}],"curies":[{"name":"wp","href":"https:\/\/api.w.org\/{rel}","templated":true}]}}