{"id":1062,"date":"2020-08-26T22:41:28","date_gmt":"2020-08-26T22:41:28","guid":{"rendered":"https:\/\/fpvoleibol.pt\/fpv\/?p=1062"},"modified":"2020-08-27T22:42:21","modified_gmt":"2020-08-27T22:42:21","slug":"pedrosa-e-campos-defrontam-dupla-francesa-em-montpellier","status":"publish","type":"post","link":"https:\/\/fpvoleibol.pt\/fpv\/2020\/08\/26\/pedrosa-e-campos-defrontam-dupla-francesa-em-montpellier\/","title":{"rendered":"PEDROSA E CAMPOS DEFRONTAM DUPLA FRANCESA EM MONTPELLIER"},"content":{"rendered":"<p class=\"descricaonoticia\" align=\"center\"><img loading=\"lazy\" decoding=\"async\" src=\"https:\/\/www.fpvoleibol.pt\/noticias\/2020\/imagens\/Montpellier_Pedrosa_Campos1.jpg\" width=\"460\" height=\"307\" border=\"1\" \/><\/p>\n<p class=\"descricaonoticia\" align=\"justify\"><strong>Jo\u00e3o Pedrosa e Hugo Campos<\/strong>\u00a0defrontam amanh\u00e3 de tarde os franceses\u00a0<span class=\"auto-style2\">J\u00e9r\u00e9my Silvestre<\/span>\u00a0(199 cm de altura) e\u00a0<span class=\"auto-style2\">Titouan Halle<\/span>\u00a0(194 cm), depois de hoje terem perdido com os alem\u00e3es Max Betzien e Dirk Westphal por 0-2 (16-21 e 21-23) no jogo inaugural do Quadro Principal da etapa de 1 estrela do Beach Volley World Tour (Circuito Mundial de Voleibol de Praia) que est\u00e1 a ser disputada na localidade francesa de Montpellier.<\/p>\n<p class=\"descricaonoticia\" align=\"justify\">Os vice-campe\u00f5es nacionais est\u00e3o inseridos na\u00a0<a href=\"https:\/\/www.volleyball.world\/en\/beachvolleyball\/worldtour\/2020\/mmon2020\/men\/results\/maindraw#anchorPB\" target=\"_blank\" rel=\"noopener noreferrer\">Pool B<\/a>, juntamente com os germ\u00e2nicos Max Betzien\/Dirk Westphal, os irm\u00e3os chilenos Marco e Esteban Grimalt e os gauleses J\u00e9r\u00e9my Silvestre e Titouan Halle.<\/p>\n<p class=\"descricaonoticia\" align=\"justify\">Por seu turno,\u00a0<strong>Guilherme Maia e Filipe Leite<\/strong>\u00a0classificaram-se no 21.\u00ba lugar na sua estreia internacional ao perderem (0-2: 19-21 e 15-21) frente \u00e0 dupla holandesa Leon Luini\/Matthew Immers na 1.\u00aa Ronda da Fase de Qualifica\u00e7\u00e3o.<\/p>\n<p>Os atletas portugueses est\u00e3o em Montpellier acompanhados pelo seu treinador,\u00a0<strong>Leonel Gomes<\/strong>.<\/p>\n<p class=\"auto-style1\"><img loading=\"lazy\" decoding=\"async\" class=\"aligncenter\" src=\"https:\/\/www.fpvoleibol.pt\/noticias\/2020\/imagens\/Montpellier_PedrosaeCampos2.jpg\" width=\"460\" height=\"307\" border=\"1\" \/><\/p>\n<p class=\"descricaonoticia\" align=\"justify\">Mais informa\u00e7\u00f5es\u00a0<a href=\"https:\/\/www.volleyball.world\/en\/beachvolleyball\/worldtour\/2020\/954\/schedule\" target=\"_blank\" rel=\"noopener noreferrer\">aqui<\/a><\/p>\n","protected":false},"excerpt":{"rendered":"<p>Jo\u00e3o Pedrosa e Hugo Campos\u00a0defrontam amanh\u00e3 de tarde os franceses\u00a0J\u00e9r\u00e9my Silvestre\u00a0(199 cm de altura) e\u00a0Titouan Halle\u00a0(194 cm), depois de hoje terem perdido com os alem\u00e3es Max Betzien e Dirk Westphal [&hellip;]<\/p>\n","protected":false},"author":1,"featured_media":1063,"comment_status":"open","ping_status":"open","sticky":false,"template":"","format":"standard","meta":{"_monsterinsights_skip_tracking":false,"_monsterinsights_sitenote_active":false,"_monsterinsights_sitenote_note":"","_monsterinsights_sitenote_category":0,"footnotes":""},"categories":[9],"tags":[],"class_list":{"0":"post-1062","1":"post","2":"type-post","3":"status-publish","4":"format-standard","5":"has-post-thumbnail","7":"category-voleibol-de-praia","8":"czr-hentry"},"aioseo_notices":[],"_links":{"self":[{"href":"https:\/\/fpvoleibol.pt\/fpv\/wp-json\/wp\/v2\/posts\/1062","targetHints":{"allow":["GET"]}}],"collection":[{"href":"https:\/\/fpvoleibol.pt\/fpv\/wp-json\/wp\/v2\/posts"}],"about":[{"href":"https:\/\/fpvoleibol.pt\/fpv\/wp-json\/wp\/v2\/types\/post"}],"author":[{"embeddable":true,"href":"https:\/\/fpvoleibol.pt\/fpv\/wp-json\/wp\/v2\/users\/1"}],"replies":[{"embeddable":true,"href":"https:\/\/fpvoleibol.pt\/fpv\/wp-json\/wp\/v2\/comments?post=1062"}],"version-history":[{"count":1,"href":"https:\/\/fpvoleibol.pt\/fpv\/wp-json\/wp\/v2\/posts\/1062\/revisions"}],"predecessor-version":[{"id":1064,"href":"https:\/\/fpvoleibol.pt\/fpv\/wp-json\/wp\/v2\/posts\/1062\/revisions\/1064"}],"wp:featuredmedia":[{"embeddable":true,"href":"https:\/\/fpvoleibol.pt\/fpv\/wp-json\/wp\/v2\/media\/1063"}],"wp:attachment":[{"href":"https:\/\/fpvoleibol.pt\/fpv\/wp-json\/wp\/v2\/media?parent=1062"}],"wp:term":[{"taxonomy":"category","embeddable":true,"href":"https:\/\/fpvoleibol.pt\/fpv\/wp-json\/wp\/v2\/categories?post=1062"},{"taxonomy":"post_tag","embeddable":true,"href":"https:\/\/fpvoleibol.pt\/fpv\/wp-json\/wp\/v2\/tags?post=1062"}],"curies":[{"name":"wp","href":"https:\/\/api.w.org\/{rel}","templated":true}]}}