{"id":1059,"date":"2020-08-25T17:13:55","date_gmt":"2020-08-25T17:13:55","guid":{"rendered":"https:\/\/fpvoleibol.pt\/fpv\/?p=1059"},"modified":"2020-08-25T17:13:55","modified_gmt":"2020-08-25T17:13:55","slug":"dgs-voleibol-integra-modalidades-de-medio-risco","status":"publish","type":"post","link":"https:\/\/fpvoleibol.pt\/fpv\/2020\/08\/25\/dgs-voleibol-integra-modalidades-de-medio-risco\/","title":{"rendered":"DGS: VOLEIBOL INTEGRA MODALIDADES DE M\u00c9DIO RISCO"},"content":{"rendered":"<p class=\"descricaonoticia\" align=\"center\"><img loading=\"lazy\" decoding=\"async\" src=\"https:\/\/www.fpvoleibol.pt\/noticias\/2020\/imagens\/feds5.jpg\" width=\"480\" height=\"270\" border=\"1\" \/><\/p>\n<p class=\"descricaonoticia\" align=\"justify\">No \u00e2mbito da protec\u00e7\u00e3o da Sa\u00fade P\u00fablica, a Direc\u00e7\u00e3o-Geral de Sa\u00fade (DGS) emitiu hoje uma\u00a0<a href=\"https:\/\/www.fpvoleibol.pt\/noticias\/2020\/DGS_i026575.pdf\" target=\"_blank\" rel=\"noopener noreferrer\">\u00abOrienta\u00e7\u00e3o\u00bb para o Desporto e Competi\u00e7\u00f5es Desportivas<\/a>\u00a0onde coloca o Voleibol e as suas variantes nas chamadas Modalidades de M\u00e9dio Risco \u2013 nas quais se considera haver contacto f\u00edsico, mas n\u00e3o contacto \u00abface a face\u00bb.<\/p>\n<p class=\"descricaonoticia\" align=\"justify\">Salientado que &#8220;<em>o sucesso das medidas de Sa\u00fade P\u00fablica depende da colabora\u00e7\u00e3o de todos os cidad\u00e3os, das institui\u00e7\u00f5es e organiza\u00e7\u00f5es, e da sociedade<\/em>&#8220;, a DGS recorda:<br \/>\n&#8220;<em>\u00c9 sabido que o risco de transmiss\u00e3o aumenta com a exposi\u00e7\u00e3o a um n\u00famero elevado de pessoas, especialmente em ambientes fechados.<br \/>\nO desporto comporta caracter\u00edsticas variadas, abrangendo diversas modalidades, que podem ir de modalidades individuais praticadas a solo e distantes de outros praticantes, a modalidades praticadas em grupo ou individualmente contra um ou v\u00e1rios advers\u00e1rios, em proximidade e contacto mais direto e prolongado. A tipologia de modalidades desportivas acarreta diferentes riscos, n\u00e3o s\u00f3 pelo n\u00famero de pessoas envolvidas, mas tamb\u00e9m pelas caracter\u00edsticas das mesmas, pelo que urge planear e implementar medidas espec\u00edficas e contextualizadas, em conformidade com o risco de transmiss\u00e3o e exposi\u00e7\u00e3o ao SARS-CoV-2, agrupando as modalidades em alto, m\u00e9dio e baixo risco<\/em>&#8220;.<\/p>\n<p class=\"descricaonoticia\" align=\"justify\">Assim, e sublinhando que &#8220;<em>o risco da modalidade e a responsabilidade inerente \u00e0s federa\u00e7\u00f5es varia entre modalidades desportivas<\/em>&#8220;, a DGS definiu orienta\u00e7\u00f5es espec\u00edficas que permitam &#8220;<em>um regresso aos treinos e competi\u00e7\u00f5es em seguran\u00e7a, minimizando o risco de transmiss\u00e3o<\/em>&#8221; de Covid-19, indicando ainda um Modelo de Termo de Responsabilidade para os agentes desportivos federados.<\/p>\n<p class=\"descricaonoticia\" align=\"justify\">Ver Documento Oficial com Orienta\u00e7\u00e3o da DGS\u00a0<a href=\"https:\/\/www.fpvoleibol.pt\/noticias\/2020\/DGS_i026575.pdf\" target=\"_blank\" rel=\"noopener noreferrer\">aqui<\/a><\/p>\n","protected":false},"excerpt":{"rendered":"<p>No \u00e2mbito da protec\u00e7\u00e3o da Sa\u00fade P\u00fablica, a Direc\u00e7\u00e3o-Geral de Sa\u00fade (DGS) emitiu hoje uma\u00a0\u00abOrienta\u00e7\u00e3o\u00bb para o Desporto e Competi\u00e7\u00f5es Desportivas\u00a0onde coloca o Voleibol e as suas variantes nas chamadas [&hellip;]<\/p>\n","protected":false},"author":1,"featured_media":866,"comment_status":"open","ping_status":"open","sticky":false,"template":"","format":"standard","meta":{"_monsterinsights_skip_tracking":false,"_monsterinsights_sitenote_active":false,"_monsterinsights_sitenote_note":"","_monsterinsights_sitenote_category":0,"footnotes":""},"categories":[15,14],"tags":[],"class_list":{"0":"post-1059","1":"post","2":"type-post","3":"status-publish","4":"format-standard","5":"has-post-thumbnail","7":"category-diversos","8":"category-institucional","9":"czr-hentry"},"aioseo_notices":[],"_links":{"self":[{"href":"https:\/\/fpvoleibol.pt\/fpv\/wp-json\/wp\/v2\/posts\/1059","targetHints":{"allow":["GET"]}}],"collection":[{"href":"https:\/\/fpvoleibol.pt\/fpv\/wp-json\/wp\/v2\/posts"}],"about":[{"href":"https:\/\/fpvoleibol.pt\/fpv\/wp-json\/wp\/v2\/types\/post"}],"author":[{"embeddable":true,"href":"https:\/\/fpvoleibol.pt\/fpv\/wp-json\/wp\/v2\/users\/1"}],"replies":[{"embeddable":true,"href":"https:\/\/fpvoleibol.pt\/fpv\/wp-json\/wp\/v2\/comments?post=1059"}],"version-history":[{"count":1,"href":"https:\/\/fpvoleibol.pt\/fpv\/wp-json\/wp\/v2\/posts\/1059\/revisions"}],"predecessor-version":[{"id":1060,"href":"https:\/\/fpvoleibol.pt\/fpv\/wp-json\/wp\/v2\/posts\/1059\/revisions\/1060"}],"wp:featuredmedia":[{"embeddable":true,"href":"https:\/\/fpvoleibol.pt\/fpv\/wp-json\/wp\/v2\/media\/866"}],"wp:attachment":[{"href":"https:\/\/fpvoleibol.pt\/fpv\/wp-json\/wp\/v2\/media?parent=1059"}],"wp:term":[{"taxonomy":"category","embeddable":true,"href":"https:\/\/fpvoleibol.pt\/fpv\/wp-json\/wp\/v2\/categories?post=1059"},{"taxonomy":"post_tag","embeddable":true,"href":"https:\/\/fpvoleibol.pt\/fpv\/wp-json\/wp\/v2\/tags?post=1059"}],"curies":[{"name":"wp","href":"https:\/\/api.w.org\/{rel}","templated":true}]}}