{"id":10520,"date":"2021-10-26T09:34:01","date_gmt":"2021-10-26T08:34:01","guid":{"rendered":"https:\/\/fpvoleibol.pt\/fpv\/?p=10520"},"modified":"2021-10-26T09:17:43","modified_gmt":"2021-10-26T08:17:43","slug":"dois-jogos-da-liga-lidl-em-directo-na-volei-tv","status":"publish","type":"post","link":"https:\/\/fpvoleibol.pt\/fpv\/2021\/10\/26\/dois-jogos-da-liga-lidl-em-directo-na-volei-tv\/","title":{"rendered":"DOIS JOGOS DA LIGA LIDL EM DIRECTO NA VOLEI TV"},"content":{"rendered":"<p><img loading=\"lazy\" decoding=\"async\" class=\"size-full wp-image-10522 aligncenter\" src=\"https:\/\/fpvoleibol.pt\/fpv\/wp-content\/uploads\/2021\/10\/LeixoesSCxAVCFamalicao_7JOR.jpg\" alt=\"\" width=\"960\" height=\"540\" srcset=\"https:\/\/fpvoleibol.pt\/fpv\/wp-content\/uploads\/2021\/10\/LeixoesSCxAVCFamalicao_7JOR.jpg 960w, https:\/\/fpvoleibol.pt\/fpv\/wp-content\/uploads\/2021\/10\/LeixoesSCxAVCFamalicao_7JOR-300x169.jpg 300w, https:\/\/fpvoleibol.pt\/fpv\/wp-content\/uploads\/2021\/10\/LeixoesSCxAVCFamalicao_7JOR-768x432.jpg 768w, https:\/\/fpvoleibol.pt\/fpv\/wp-content\/uploads\/2021\/10\/LeixoesSCxAVCFamalicao_7JOR-528x297.jpg 528w\" sizes=\"auto, (max-width: 960px) 100vw, 960px\" \/><\/p>\n<p>A <a href=\"https:\/\/www.volei.tv\/\">Volei TV<\/a> vai transmitir em directo dois jogos da <a href=\"https:\/\/fpvoleibol.pt\/fpv\/wp-content\/uploads\/2021\/09\/reg_esc_seniores_Ligas.pdf\">1.\u00aa Fase<\/a> da <a href=\"https:\/\/fpv-web.dataproject.com\/CompetitionHome.aspx?ID=53\">Liga Lidl:<\/a> o <a href=\"https:\/\/fpv-web.dataproject.com\/MatchStatistics.aspx?mID=4280&amp;ID=53&amp;CID=166&amp;PID=87&amp;type=LegList\">Leix\u00f5es SC x AVC Famalic\u00e3o<\/a> (7.\u00aa jornada), \u00e0s 17h00 do dia 30 de Outubro, e o <a href=\"https:\/\/fpv-web.dataproject.com\/MatchStatistics.aspx?mID=4288&amp;ID=53&amp;CID=166&amp;PID=87&amp;type=LegList\">AVC Famalic\u00e3o x CD Aves\/Termolan<\/a>* (8.\u00aa jornada), \u00e0s 15h00 do dia 31 de Outubro, sendo que este \u00faltimo jogo, que ter\u00e1 por palco o Pavilh\u00e3o Municipal das Lameiras, ser\u00e1 transmitido em directo e em simult\u00e2neo na <a href=\"https:\/\/www.volei.tv\/\">Volei TV<\/a> e n&#8217; <a href=\"https:\/\/www.abola.pt\/abolatv\/\">A Bola TV<\/a>.<\/p>\n<p>*O <a href=\"https:\/\/fpv-web.dataproject.com\/MatchStatistics.aspx?mID=4280&amp;ID=53&amp;CID=166&amp;PID=87&amp;type=LegList\">Leix\u00f5es SC x AVC Famalic\u00e3o<\/a>, a disputar na Nave Il\u00eddio Ramos, no Centro de Desportos e Congressos de Matosinhos, ser\u00e1 transmitido em diferido n&#8217; <a href=\"https:\/\/www.abola.pt\/abolatv\/\">A Bola TV<\/a>.<\/p>\n<p><img loading=\"lazy\" decoding=\"async\" class=\"size-full wp-image-10521 aligncenter\" src=\"https:\/\/fpvoleibol.pt\/fpv\/wp-content\/uploads\/2021\/10\/AVCFamalicao_X_CDAvesT_8Jornada.jpg\" alt=\"\" width=\"960\" height=\"540\" srcset=\"https:\/\/fpvoleibol.pt\/fpv\/wp-content\/uploads\/2021\/10\/AVCFamalicao_X_CDAvesT_8Jornada.jpg 960w, https:\/\/fpvoleibol.pt\/fpv\/wp-content\/uploads\/2021\/10\/AVCFamalicao_X_CDAvesT_8Jornada-300x169.jpg 300w, https:\/\/fpvoleibol.pt\/fpv\/wp-content\/uploads\/2021\/10\/AVCFamalicao_X_CDAvesT_8Jornada-768x432.jpg 768w, https:\/\/fpvoleibol.pt\/fpv\/wp-content\/uploads\/2021\/10\/AVCFamalicao_X_CDAvesT_8Jornada-528x297.jpg 528w\" sizes=\"auto, (max-width: 960px) 100vw, 960px\" \/><\/p>\n<p style=\"text-align: center;\" align=\"justify\">Calend\u00e1rio, resultados, estat\u00edstica e <em>live streaming<\/em> em <a href=\"https:\/\/fpv-web.dataproject.com\/MainHome.aspx?\">https:\/\/fpv-web.dataproject.com\/MainHome.aspx?<\/a><br \/>\nEquipas de arbitragem em <a href=\"https:\/\/fpvoleibol.pt\/fpv\/arbitragem\/nomeacoes\/\">https:\/\/fpvoleibol.pt\/fpv\/arbitragem\/nomeacoes\/<\/a><\/p>\n<p style=\"text-align: center;\"><span style=\"text-decoration: underline;\"><strong>Ver plant\u00e9is das equipas <a href=\"https:\/\/fpv-web.dataproject.com\/CompetitionTeamSearch.aspx?ID=53\">aqui<\/a> e\u00a0<\/strong><\/span><a href=\"https:\/\/fpvoleibol.pt\/fpv\/wp-content\/uploads\/2021\/10\/Classificacao_e_desempate.pdf\">Modo de disputa 2021\/2022<\/a><\/p>\n","protected":false},"excerpt":{"rendered":"<p>A Volei TV vai transmitir em directo dois jogos da 1.\u00aa Fase da Liga Lidl: o Leix\u00f5es SC x AVC Famalic\u00e3o (7.\u00aa jornada), \u00e0s 17h00 do dia 30 de Outubro, [&hellip;]<\/p>\n","protected":false},"author":2,"featured_media":10033,"comment_status":"open","ping_status":"open","sticky":false,"template":"","format":"standard","meta":{"_monsterinsights_skip_tracking":false,"_monsterinsights_sitenote_active":false,"_monsterinsights_sitenote_note":"","_monsterinsights_sitenote_category":0,"footnotes":""},"categories":[8,31],"tags":[47,55],"class_list":{"0":"post-10520","1":"post","2":"type-post","3":"status-publish","4":"format-standard","5":"has-post-thumbnail","7":"category-voleibol","8":"category-voleitv","9":"tag-epoca-2021-2022","10":"tag-liga-lidl","11":"czr-hentry"},"aioseo_notices":[],"_links":{"self":[{"href":"https:\/\/fpvoleibol.pt\/fpv\/wp-json\/wp\/v2\/posts\/10520","targetHints":{"allow":["GET"]}}],"collection":[{"href":"https:\/\/fpvoleibol.pt\/fpv\/wp-json\/wp\/v2\/posts"}],"about":[{"href":"https:\/\/fpvoleibol.pt\/fpv\/wp-json\/wp\/v2\/types\/post"}],"author":[{"embeddable":true,"href":"https:\/\/fpvoleibol.pt\/fpv\/wp-json\/wp\/v2\/users\/2"}],"replies":[{"embeddable":true,"href":"https:\/\/fpvoleibol.pt\/fpv\/wp-json\/wp\/v2\/comments?post=10520"}],"version-history":[{"count":3,"href":"https:\/\/fpvoleibol.pt\/fpv\/wp-json\/wp\/v2\/posts\/10520\/revisions"}],"predecessor-version":[{"id":10525,"href":"https:\/\/fpvoleibol.pt\/fpv\/wp-json\/wp\/v2\/posts\/10520\/revisions\/10525"}],"wp:featuredmedia":[{"embeddable":true,"href":"https:\/\/fpvoleibol.pt\/fpv\/wp-json\/wp\/v2\/media\/10033"}],"wp:attachment":[{"href":"https:\/\/fpvoleibol.pt\/fpv\/wp-json\/wp\/v2\/media?parent=10520"}],"wp:term":[{"taxonomy":"category","embeddable":true,"href":"https:\/\/fpvoleibol.pt\/fpv\/wp-json\/wp\/v2\/categories?post=10520"},{"taxonomy":"post_tag","embeddable":true,"href":"https:\/\/fpvoleibol.pt\/fpv\/wp-json\/wp\/v2\/tags?post=10520"}],"curies":[{"name":"wp","href":"https:\/\/api.w.org\/{rel}","templated":true}]}}