{"id":10489,"date":"2021-10-26T11:16:46","date_gmt":"2021-10-26T10:16:46","guid":{"rendered":"https:\/\/fpvoleibol.pt\/fpv\/?p=10489"},"modified":"2021-10-26T14:01:43","modified_gmt":"2021-10-26T13:01:43","slug":"accao-de-formacao-observacao-e-analise-do-jogo","status":"publish","type":"post","link":"https:\/\/fpvoleibol.pt\/fpv\/2021\/10\/26\/accao-de-formacao-observacao-e-analise-do-jogo\/","title":{"rendered":"AC\u00c7\u00c3O DE FORMA\u00c7\u00c3O, OBSERVA\u00c7\u00c3O E AN\u00c1LISE DO JOGO"},"content":{"rendered":"<p align=\"justify\"><img loading=\"lazy\" decoding=\"async\" class=\"alignnone size-full wp-image-10222\" src=\"https:\/\/fpvoleibol.pt\/fpv\/wp-content\/uploads\/2021\/10\/poster_accao_datavolley21_d.jpg\" alt=\"\" width=\"960\" height=\"1358\" srcset=\"https:\/\/fpvoleibol.pt\/fpv\/wp-content\/uploads\/2021\/10\/poster_accao_datavolley21_d.jpg 960w, https:\/\/fpvoleibol.pt\/fpv\/wp-content\/uploads\/2021\/10\/poster_accao_datavolley21_d-212x300.jpg 212w, https:\/\/fpvoleibol.pt\/fpv\/wp-content\/uploads\/2021\/10\/poster_accao_datavolley21_d-724x1024.jpg 724w, https:\/\/fpvoleibol.pt\/fpv\/wp-content\/uploads\/2021\/10\/poster_accao_datavolley21_d-768x1086.jpg 768w\" sizes=\"auto, (max-width: 960px) 100vw, 960px\" \/><\/p>\n<p class=\"descricaonoticia\" align=\"justify\">A <strong>Federa\u00e7\u00e3o Portuguesa de Voleibol (FPV)<\/strong> organiza, a partir do dia 3 de Novembro, uma <a href=\"https:\/\/fpvoleibol.pt\/fpv\/formacao\/data-volley-accao-de-formacao-observacao-e-analise-do-jogo\/\"><strong>Ac\u00e7\u00e3o de Forma\u00e7\u00e3o, Observa\u00e7\u00e3o e An\u00e1lise do Jogo<\/strong><\/a> que tem como principais destinat\u00e1rios os alunos dos cursos de Desporto e de Educa\u00e7\u00e3o F\u00edsica, professores das mesmas \u00e1reas e<span class=\"auto-style1\"> treinadores de Voleibol, n<\/span>as instala\u00e7\u00f5es da <span style=\"text-decoration: underline;\">Escola Superior de Educa\u00e7\u00e3o do Porto (ESE)<\/span>.<\/p>\n<p class=\"descricaonoticia\" align=\"justify\">O uso de sistemas inform\u00e1ticos de an\u00e1lise e de instrumentos estat\u00edsticos no Voleibol, como o <strong>Data Volley <\/strong>e o<strong> Data Video<\/strong>, mormente na capta\u00e7\u00e3o da leitura do rendimento individual e colectivo dos atletas, ser\u00e1 apresentado por formadores experientes:\u00a0<strong>Hugo Silva<\/strong>, Treinador Principal da Selec\u00e7\u00e3o Nacional, e <strong>Jo\u00e3o Santos<\/strong>, Scouter da Selec\u00e7\u00e3o Nacional.<\/p>\n<p class=\"descricaonoticia\" align=\"justify\">Destinada a alunos da Escola Superior de Educa\u00e7\u00e3o do Porto (ESE) e alunos dos cursos de Desporto e de Educa\u00e7\u00e3o F\u00edsica, professores das mesmas \u00e1reas e treinadores de Voleibol, esta ac\u00e7\u00e3o repartir-se-\u00e1 por dois grandes momentos: o <span style=\"text-decoration: underline;\">Bloco I, a ministrar no Audit\u00f3rio da ESE<\/span> \u2013 todas as quartas-feiras (das 10h00 \u00e0s 13h00) entre os dias 3 e 24 de Novembro \u2013, e o <span style=\"text-decoration: underline;\">Bloco II<\/span>.<br \/>\nEste \u00faltimo momento, que consistir\u00e1 em sess\u00f5es pr\u00e1ticas de esclarecimento e d\u00favidas, ter\u00e1 lugar nos dias 2 e 9 de Dezembro, no Audit\u00f3rio Dr. Fernando Jorge de Ara\u00fajo Barros, da FPV.<\/p>\n<p align=\"justify\">Mais <span style=\"text-decoration: underline;\">informa\u00e7\u00f5es e inscri\u00e7\u00f5es<\/span> <a href=\"https:\/\/fpvoleibol.pt\/fpv\/formacao\/data-volley-accao-de-formacao-observacao-e-analise-do-jogo\/\">AQUI<\/a><\/p>\n","protected":false},"excerpt":{"rendered":"<p>A Federa\u00e7\u00e3o Portuguesa de Voleibol (FPV) organiza, a partir do dia 3 de Novembro, uma Ac\u00e7\u00e3o de Forma\u00e7\u00e3o, Observa\u00e7\u00e3o e An\u00e1lise do Jogo que tem como principais destinat\u00e1rios os alunos [&hellip;]<\/p>\n","protected":false},"author":2,"featured_media":10211,"comment_status":"open","ping_status":"open","sticky":false,"template":"","format":"standard","meta":{"_monsterinsights_skip_tracking":false,"_monsterinsights_sitenote_active":false,"_monsterinsights_sitenote_note":"","_monsterinsights_sitenote_category":0,"footnotes":""},"categories":[20,11,8],"tags":[47],"class_list":{"0":"post-10489","1":"post","2":"type-post","3":"status-publish","4":"format-standard","5":"has-post-thumbnail","7":"category-destaque","8":"category-formacao","9":"category-voleibol","10":"tag-epoca-2021-2022","11":"czr-hentry"},"aioseo_notices":[],"_links":{"self":[{"href":"https:\/\/fpvoleibol.pt\/fpv\/wp-json\/wp\/v2\/posts\/10489","targetHints":{"allow":["GET"]}}],"collection":[{"href":"https:\/\/fpvoleibol.pt\/fpv\/wp-json\/wp\/v2\/posts"}],"about":[{"href":"https:\/\/fpvoleibol.pt\/fpv\/wp-json\/wp\/v2\/types\/post"}],"author":[{"embeddable":true,"href":"https:\/\/fpvoleibol.pt\/fpv\/wp-json\/wp\/v2\/users\/2"}],"replies":[{"embeddable":true,"href":"https:\/\/fpvoleibol.pt\/fpv\/wp-json\/wp\/v2\/comments?post=10489"}],"version-history":[{"count":3,"href":"https:\/\/fpvoleibol.pt\/fpv\/wp-json\/wp\/v2\/posts\/10489\/revisions"}],"predecessor-version":[{"id":10529,"href":"https:\/\/fpvoleibol.pt\/fpv\/wp-json\/wp\/v2\/posts\/10489\/revisions\/10529"}],"wp:featuredmedia":[{"embeddable":true,"href":"https:\/\/fpvoleibol.pt\/fpv\/wp-json\/wp\/v2\/media\/10211"}],"wp:attachment":[{"href":"https:\/\/fpvoleibol.pt\/fpv\/wp-json\/wp\/v2\/media?parent=10489"}],"wp:term":[{"taxonomy":"category","embeddable":true,"href":"https:\/\/fpvoleibol.pt\/fpv\/wp-json\/wp\/v2\/categories?post=10489"},{"taxonomy":"post_tag","embeddable":true,"href":"https:\/\/fpvoleibol.pt\/fpv\/wp-json\/wp\/v2\/tags?post=10489"}],"curies":[{"name":"wp","href":"https:\/\/api.w.org\/{rel}","templated":true}]}}