{"id":1023,"date":"2020-08-24T14:36:32","date_gmt":"2020-08-24T14:36:32","guid":{"rendered":"https:\/\/fpvoleibol.pt\/fpv\/?p=1023"},"modified":"2020-08-25T14:38:36","modified_gmt":"2020-08-25T14:38:36","slug":"duplas-portuguesas-a-caminho-de-montpellier","status":"publish","type":"post","link":"https:\/\/fpvoleibol.pt\/fpv\/2020\/08\/24\/duplas-portuguesas-a-caminho-de-montpellier\/","title":{"rendered":"DUPLAS PORTUGUESAS A CAMINHO DE MONTPELLIER"},"content":{"rendered":"<p class=\"descricaonoticia\" align=\"center\"><a href=\"https:\/\/www.fpvoleibol.pt\/noticias\/2020\/imagens\/vp_montpellier.jpg\" target=\"_blank\" rel=\"noopener noreferrer\"><img loading=\"lazy\" decoding=\"async\" src=\"https:\/\/www.fpvoleibol.pt\/noticias\/2020\/imagens\/vp_montpellier_D1.jpg\" width=\"480\" height=\"270\" border=\"1\" \/><\/a><\/p>\n<p class=\"descricaonoticia\" align=\"justify\"><strong>Jo\u00e3o Pedrosa\/Hugo Campos<\/strong>\u00a0e\u00a0<strong>Guilherme Maia\/Filipe Leite<\/strong>\u00a0s\u00e3o as duplas portuguesas de Voleibol de Praia que ir\u00e3o disputar, de 25 a 29 de Agosto, uma etapa de 1 estrela do Beach Volley World Tour (Circuito Mundial de Voleibol de Praia) na localidade francesa de Montpellier.<\/p>\n<p class=\"descricaonoticia\" align=\"justify\">Jo\u00e3o Pedrosa e Hugo Campos, que s\u00e3o vice-campe\u00f5es nacionais de seniores masculinos, est\u00e3o inseridos no Quadro Principal, enquanto Guilherme Maia, filho do antigo atleta ol\u00edmpico Miguel Maia, e Filipe Leite ter\u00e3o de disputar a Fase de Qualifica\u00e7\u00e3o.<\/p>\n<p class=\"descricaonoticia\" align=\"justify\">Os representantes portugueses na prova gaulesa viajam acompanhados do seu treinador,\u00a0<strong>Leonel Gomes<\/strong>.<\/p>\n<p class=\"descricaonoticia\" align=\"justify\">Mais informa\u00e7\u00f5es\u00a0<a href=\"https:\/\/www.volleyball.world\/en\/beachvolleyball\/worldtour\/2020\/954\/schedule\" target=\"_blank\" rel=\"noopener noreferrer\">aqui<\/a><\/p>\n","protected":false},"excerpt":{"rendered":"<p>Jo\u00e3o Pedrosa\/Hugo Campos\u00a0e\u00a0Guilherme Maia\/Filipe Leite\u00a0s\u00e3o as duplas portuguesas de Voleibol de Praia que ir\u00e3o disputar, de 25 a 29 de Agosto, uma etapa de 1 estrela do Beach Volley World [&hellip;]<\/p>\n","protected":false},"author":1,"featured_media":1024,"comment_status":"open","ping_status":"open","sticky":false,"template":"","format":"standard","meta":{"_monsterinsights_skip_tracking":false,"_monsterinsights_sitenote_active":false,"_monsterinsights_sitenote_note":"","_monsterinsights_sitenote_category":0,"footnotes":""},"categories":[9],"tags":[],"class_list":{"0":"post-1023","1":"post","2":"type-post","3":"status-publish","4":"format-standard","5":"has-post-thumbnail","7":"category-voleibol-de-praia","8":"czr-hentry"},"aioseo_notices":[],"_links":{"self":[{"href":"https:\/\/fpvoleibol.pt\/fpv\/wp-json\/wp\/v2\/posts\/1023","targetHints":{"allow":["GET"]}}],"collection":[{"href":"https:\/\/fpvoleibol.pt\/fpv\/wp-json\/wp\/v2\/posts"}],"about":[{"href":"https:\/\/fpvoleibol.pt\/fpv\/wp-json\/wp\/v2\/types\/post"}],"author":[{"embeddable":true,"href":"https:\/\/fpvoleibol.pt\/fpv\/wp-json\/wp\/v2\/users\/1"}],"replies":[{"embeddable":true,"href":"https:\/\/fpvoleibol.pt\/fpv\/wp-json\/wp\/v2\/comments?post=1023"}],"version-history":[{"count":1,"href":"https:\/\/fpvoleibol.pt\/fpv\/wp-json\/wp\/v2\/posts\/1023\/revisions"}],"predecessor-version":[{"id":1025,"href":"https:\/\/fpvoleibol.pt\/fpv\/wp-json\/wp\/v2\/posts\/1023\/revisions\/1025"}],"wp:featuredmedia":[{"embeddable":true,"href":"https:\/\/fpvoleibol.pt\/fpv\/wp-json\/wp\/v2\/media\/1024"}],"wp:attachment":[{"href":"https:\/\/fpvoleibol.pt\/fpv\/wp-json\/wp\/v2\/media?parent=1023"}],"wp:term":[{"taxonomy":"category","embeddable":true,"href":"https:\/\/fpvoleibol.pt\/fpv\/wp-json\/wp\/v2\/categories?post=1023"},{"taxonomy":"post_tag","embeddable":true,"href":"https:\/\/fpvoleibol.pt\/fpv\/wp-json\/wp\/v2\/tags?post=1023"}],"curies":[{"name":"wp","href":"https:\/\/api.w.org\/{rel}","templated":true}]}}