{"id":1020,"date":"2020-08-23T14:36:03","date_gmt":"2020-08-23T14:36:03","guid":{"rendered":"https:\/\/fpvoleibol.pt\/fpv\/?p=1020"},"modified":"2020-08-25T14:39:39","modified_gmt":"2020-08-25T14:39:39","slug":"gira-praia-paulo-e-diogo-vencem-em-sub-18","status":"publish","type":"post","link":"https:\/\/fpvoleibol.pt\/fpv\/2020\/08\/23\/gira-praia-paulo-e-diogo-vencem-em-sub-18\/","title":{"rendered":"GIRA-PRAIA: PAULO E DIOGO VENCEM EM SUB-18"},"content":{"rendered":"<p class=\"descricaonoticia\" align=\"center\"><a href=\"https:\/\/www.fpvoleibol.pt\/noticias\/2020\/imagens\/GP_s18mas_podio_gd.jpg\" target=\"_blank\" rel=\"noopener noreferrer\"><img loading=\"lazy\" decoding=\"async\" src=\"https:\/\/www.fpvoleibol.pt\/noticias\/2020\/imagens\/GP_s18mas_podio_pq.jpg\" width=\"480\" height=\"320\" border=\"1\" \/><\/a><\/p>\n<p class=\"descricaonoticia\" align=\"justify\"><strong>Paulo Monteiro e Diogo Mesquita<\/strong>\u00a0sagraram-se\u00a0<a href=\"http:\/\/www.fpvoleibol.pt\/girapraia2020\" target=\"_blank\" rel=\"noopener noreferrer\">campe\u00f5es nacionais de Gira-Praia<\/a>\u00a0na categoria de Sub-18 masculinos, cujo campeonato encerrou hoje no Centro de Alto Rendimento de Voleibol de Praia da FPV, em Cortega\u00e7a, Ovar.<\/p>\n<p class=\"descricaonoticia\" align=\"justify\">Na final,\u00a0<strong>Paulo\u00a0<\/strong>e<strong>\u00a0Diogo<\/strong>\u00a0superaram (2-1: 14-16, 15-8 e 15-11) a dupla\u00a0<span class=\"auto-style3\">Gustavo S\u00e1\/Tiago Matos<\/span>, ao passo que\u00a0<strong>Tiago Vieira e Rodrigo Vieira<\/strong>\u00a0derrotaram (2-0: 15-10 e 15-9)\u00a0<span class=\"auto-style3\">Tom\u00e1s Teixeira\/Manuel Soares<\/span>\u00a0no jogo de atribui\u00e7\u00e3o dos 3.\u00ba e 4.\u00ba lugares.<\/p>\n<p class=\"descricaonoticia\" align=\"justify\">Os\u00a0<a href=\"http:\/\/www.fpvoleibol.pt\/girapraia2020\" target=\"_blank\" rel=\"noopener noreferrer\">Campeonatos Nacionais de Gira-Praia 2020<\/a>, nas categorias de Sub-14, Sub-16 e Sub-18 masculinos e femininos, disputaram-se de 18 a 23 de Agosto no Centro de Alto Rendimento de Voleibol de Praia da Federa\u00e7\u00e3o Portuguesa de Voleibol (FPV), em Cortega\u00e7a, e realizaram-se sem p\u00fablico, no estrito cumprimento das regras de seguran\u00e7a sanit\u00e1ria da Direc\u00e7\u00e3o Geral da Sa\u00fade (DGS).<\/p>\n<p class=\"auto-style2\"><a href=\"http:\/\/www.fpvoleibol.pt\/girapraia2020\" target=\"_blank\" rel=\"noopener noreferrer\"><img loading=\"lazy\" decoding=\"async\" class=\"aligncenter\" src=\"https:\/\/www.fpvoleibol.pt\/noticias\/2020\/imagens\/girapraia2020.jpg\" width=\"480\" height=\"270\" border=\"1\" \/><\/a><\/p>\n<p class=\"descricaonoticia\" align=\"justify\">Todas as informa\u00e7\u00f5es em\u00a0<a href=\"http:\/\/www.fpvoleibol.pt\/girapraia2020\" target=\"_blank\" rel=\"noopener noreferrer\">www.fpvoleibol.pt\/girapraia2020<\/a><\/p>\n","protected":false},"excerpt":{"rendered":"<p>Paulo Monteiro e Diogo Mesquita\u00a0sagraram-se\u00a0campe\u00f5es nacionais de Gira-Praia\u00a0na categoria de Sub-18 masculinos, cujo campeonato encerrou hoje no Centro de Alto Rendimento de Voleibol de Praia da FPV, em Cortega\u00e7a, Ovar. [&hellip;]<\/p>\n","protected":false},"author":1,"featured_media":1021,"comment_status":"open","ping_status":"open","sticky":false,"template":"","format":"standard","meta":{"_monsterinsights_skip_tracking":false,"_monsterinsights_sitenote_active":false,"_monsterinsights_sitenote_note":"","_monsterinsights_sitenote_category":0,"footnotes":""},"categories":[16,9],"tags":[],"class_list":{"0":"post-1020","1":"post","2":"type-post","3":"status-publish","4":"format-standard","5":"has-post-thumbnail","7":"category-gira-praia","8":"category-voleibol-de-praia","9":"czr-hentry"},"aioseo_notices":[],"_links":{"self":[{"href":"https:\/\/fpvoleibol.pt\/fpv\/wp-json\/wp\/v2\/posts\/1020","targetHints":{"allow":["GET"]}}],"collection":[{"href":"https:\/\/fpvoleibol.pt\/fpv\/wp-json\/wp\/v2\/posts"}],"about":[{"href":"https:\/\/fpvoleibol.pt\/fpv\/wp-json\/wp\/v2\/types\/post"}],"author":[{"embeddable":true,"href":"https:\/\/fpvoleibol.pt\/fpv\/wp-json\/wp\/v2\/users\/1"}],"replies":[{"embeddable":true,"href":"https:\/\/fpvoleibol.pt\/fpv\/wp-json\/wp\/v2\/comments?post=1020"}],"version-history":[{"count":1,"href":"https:\/\/fpvoleibol.pt\/fpv\/wp-json\/wp\/v2\/posts\/1020\/revisions"}],"predecessor-version":[{"id":1022,"href":"https:\/\/fpvoleibol.pt\/fpv\/wp-json\/wp\/v2\/posts\/1020\/revisions\/1022"}],"wp:featuredmedia":[{"embeddable":true,"href":"https:\/\/fpvoleibol.pt\/fpv\/wp-json\/wp\/v2\/media\/1021"}],"wp:attachment":[{"href":"https:\/\/fpvoleibol.pt\/fpv\/wp-json\/wp\/v2\/media?parent=1020"}],"wp:term":[{"taxonomy":"category","embeddable":true,"href":"https:\/\/fpvoleibol.pt\/fpv\/wp-json\/wp\/v2\/categories?post=1020"},{"taxonomy":"post_tag","embeddable":true,"href":"https:\/\/fpvoleibol.pt\/fpv\/wp-json\/wp\/v2\/tags?post=1020"}],"curies":[{"name":"wp","href":"https:\/\/api.w.org\/{rel}","templated":true}]}}