{"id":1017,"date":"2020-08-22T14:33:43","date_gmt":"2020-08-22T14:33:43","guid":{"rendered":"https:\/\/fpvoleibol.pt\/fpv\/?p=1017"},"modified":"2020-08-25T14:34:47","modified_gmt":"2020-08-25T14:34:47","slug":"gira-praia-ines-e-iris-campeas-de-sub-18","status":"publish","type":"post","link":"https:\/\/fpvoleibol.pt\/fpv\/2020\/08\/22\/gira-praia-ines-e-iris-campeas-de-sub-18\/","title":{"rendered":"GIRA-PRAIA: IN\u00caS E \u00cdRIS CAMPE\u00c3S DE SUB-18"},"content":{"rendered":"<p class=\"descricaonoticia\" align=\"center\"><a href=\"https:\/\/www.fpvoleibol.pt\/noticias\/2020\/imagens\/GP_s18fem_podio_gd.jpg\" target=\"_blank\" rel=\"noopener noreferrer\"><img loading=\"lazy\" decoding=\"async\" src=\"https:\/\/www.fpvoleibol.pt\/noticias\/2020\/imagens\/GP_s18fem_podio_pq.jpg\" width=\"480\" height=\"270\" border=\"1\" \/><\/a><\/p>\n<p class=\"descricaonoticia\" align=\"justify\"><strong>In\u00eas P. Pereira\/\u00cdris Rodrigues, Ana Monteiro\/Margarida Santos\u00a0<\/strong>e<strong>\u00a0Catarina Silva\/Catarina Rebelo<\/strong>\u00a0foram as duplas de Sub-18 femininos que subiram hoje ao p\u00f3dio no Centro de Alto Rendimento de Voleibol de Praia da FPV, em Cortega\u00e7a, Ovar, no ep\u00edlogo do Campeonato Nacional de Gira-Praia da categoria.<\/p>\n<p class=\"descricaonoticia\" align=\"justify\">Numa final que dificilmente poderia ser mais emotiva e competitiva,\u00a0<strong>In\u00eas Pereira e \u00cdris Rodrigues<\/strong>\u00a0(vice-campe\u00e3 de Sub-16) venceram, pela diferen\u00e7a m\u00ednima (2-1: 16-14, 13-15 e 16-14),\u00a0<span class=\"auto-style3\">Ana Monteiro\/Margarida Santos<\/span>.<\/p>\n<p class=\"descricaonoticia\" align=\"justify\"><strong>Catarina Silva e Catarina Rebelo<\/strong>\u00a0superaram\u00a0<span class=\"auto-style3\">Catarina Zanatto\/Marta Longo<\/span>\u00a0no jogo de atribui\u00e7\u00e3o dos 3.\u00ba e 4.\u00ba lugares, igualmente marcado pelo equil\u00edbrio e pela competitividade: 2-1 (14-16, 15.12 e 16-14).<\/p>\n<p class=\"descricaonoticia\" align=\"justify\">Os\u00a0<a href=\"http:\/\/www.fpvoleibol.pt\/girapraia2020\" target=\"_blank\" rel=\"noopener noreferrer\">Campeonatos Nacionais de Gira-Praia 2020<\/a>\u00a0encerram amanh\u00e3, com a realiza\u00e7\u00e3o do Campeonato de Sub-18 Masculinos.<\/p>\n<p class=\"descricaonoticia\" align=\"justify\"><strong>NOTA:\u00a0<\/strong>Os\u00a0<a href=\"http:\/\/www.fpvoleibol.pt\/girapraia2020\" target=\"_blank\" rel=\"noopener noreferrer\">Campeonatos Nacionais de Gira-Praia 2020<\/a>, nas categorias de Sub-14, Sub-16 e Sub-18 masculinos e femininos, disputam-se de 18 a 23 de Agosto no Centro de Alto Rendimento de Voleibol de Praia da Federa\u00e7\u00e3o Portuguesa de Voleibol (FPV), em Cortega\u00e7a, e realizam-se sem p\u00fablico, no estrito cumprimento das regras de seguran\u00e7a sanit\u00e1ria da Direc\u00e7\u00e3o Geral da Sa\u00fade (DGS).<\/p>\n<p class=\"auto-style2\"><a href=\"http:\/\/www.fpvoleibol.pt\/girapraia2020\" target=\"_blank\" rel=\"noopener noreferrer\"><img loading=\"lazy\" decoding=\"async\" class=\"aligncenter\" src=\"https:\/\/www.fpvoleibol.pt\/noticias\/2020\/imagens\/girapraia2020.jpg\" width=\"480\" height=\"270\" border=\"1\" \/><\/a><\/p>\n<p class=\"auto-style1\" style=\"text-align: center;\"><strong>Calend\u00e1rio<\/strong><\/p>\n<p class=\"auto-style2\" style=\"text-align: center;\"><strong>Dia 18 de Agosto<\/strong>\u00a0\u2013 Sub-14 Femininos<br \/>\n<strong>Dia 19 de Agosto\u00a0<\/strong>\u2013 Sub-14 Masculinos<\/p>\n<p class=\"auto-style2\" style=\"text-align: center;\"><strong>Dia 20 de Agosto<\/strong>\u00a0\u2013 Sub-16 Femininos<br \/>\n<strong>Dia 21 de Agosto<\/strong>\u00a0\u2013 Sub-16 Masculinos<\/p>\n<p class=\"auto-style2\" style=\"text-align: center;\"><strong>Dia 22 de Agosto<\/strong>\u00a0\u2013 Sub-18 Femininos<br \/>\n<strong>Dia 23 de Agosto<\/strong>\u00a0\u2013 Sub-18 Masculinos<\/p>\n<p class=\"descricaonoticia\" style=\"text-align: center;\" align=\"justify\">Todas as informa\u00e7\u00f5es em\u00a0<a href=\"http:\/\/www.fpvoleibol.pt\/girapraia2020\" target=\"_blank\" rel=\"noopener noreferrer\">www.fpvoleibol.pt\/girapraia2020<\/a><\/p>\n","protected":false},"excerpt":{"rendered":"<p>In\u00eas P. Pereira\/\u00cdris Rodrigues, Ana Monteiro\/Margarida Santos\u00a0e\u00a0Catarina Silva\/Catarina Rebelo\u00a0foram as duplas de Sub-18 femininos que subiram hoje ao p\u00f3dio no Centro de Alto Rendimento de Voleibol de Praia da FPV, [&hellip;]<\/p>\n","protected":false},"author":1,"featured_media":1018,"comment_status":"open","ping_status":"open","sticky":false,"template":"","format":"standard","meta":{"_monsterinsights_skip_tracking":false,"_monsterinsights_sitenote_active":false,"_monsterinsights_sitenote_note":"","_monsterinsights_sitenote_category":0,"footnotes":""},"categories":[16,9],"tags":[],"class_list":{"0":"post-1017","1":"post","2":"type-post","3":"status-publish","4":"format-standard","5":"has-post-thumbnail","7":"category-gira-praia","8":"category-voleibol-de-praia","9":"czr-hentry"},"aioseo_notices":[],"_links":{"self":[{"href":"https:\/\/fpvoleibol.pt\/fpv\/wp-json\/wp\/v2\/posts\/1017","targetHints":{"allow":["GET"]}}],"collection":[{"href":"https:\/\/fpvoleibol.pt\/fpv\/wp-json\/wp\/v2\/posts"}],"about":[{"href":"https:\/\/fpvoleibol.pt\/fpv\/wp-json\/wp\/v2\/types\/post"}],"author":[{"embeddable":true,"href":"https:\/\/fpvoleibol.pt\/fpv\/wp-json\/wp\/v2\/users\/1"}],"replies":[{"embeddable":true,"href":"https:\/\/fpvoleibol.pt\/fpv\/wp-json\/wp\/v2\/comments?post=1017"}],"version-history":[{"count":1,"href":"https:\/\/fpvoleibol.pt\/fpv\/wp-json\/wp\/v2\/posts\/1017\/revisions"}],"predecessor-version":[{"id":1019,"href":"https:\/\/fpvoleibol.pt\/fpv\/wp-json\/wp\/v2\/posts\/1017\/revisions\/1019"}],"wp:featuredmedia":[{"embeddable":true,"href":"https:\/\/fpvoleibol.pt\/fpv\/wp-json\/wp\/v2\/media\/1018"}],"wp:attachment":[{"href":"https:\/\/fpvoleibol.pt\/fpv\/wp-json\/wp\/v2\/media?parent=1017"}],"wp:term":[{"taxonomy":"category","embeddable":true,"href":"https:\/\/fpvoleibol.pt\/fpv\/wp-json\/wp\/v2\/categories?post=1017"},{"taxonomy":"post_tag","embeddable":true,"href":"https:\/\/fpvoleibol.pt\/fpv\/wp-json\/wp\/v2\/tags?post=1017"}],"curies":[{"name":"wp","href":"https:\/\/api.w.org\/{rel}","templated":true}]}}