{"id":1015,"date":"2020-08-21T14:31:07","date_gmt":"2020-08-21T14:31:07","guid":{"rendered":"https:\/\/fpvoleibol.pt\/fpv\/?p=1015"},"modified":"2020-08-25T14:32:38","modified_gmt":"2020-08-25T14:32:38","slug":"comunicado-conjunto-das-cinco-federacoes","status":"publish","type":"post","link":"https:\/\/fpvoleibol.pt\/fpv\/2020\/08\/21\/comunicado-conjunto-das-cinco-federacoes\/","title":{"rendered":"COMUNICADO CONJUNTO DAS CINCO FEDERA\u00c7\u00d5ES"},"content":{"rendered":"<p class=\"descricaonoticia\" align=\"center\"><img loading=\"lazy\" decoding=\"async\" src=\"https:\/\/www.fpvoleibol.pt\/noticias\/2020\/imagens\/feds5.jpg\" width=\"480\" height=\"270\" border=\"1\" \/><\/p>\n<p class=\"descricaonoticia\" align=\"justify\">As Federa\u00e7\u00f5es de Andebol, Basquetebol, Futebol (Futsal), Patinagem e Voleibol reuniram-se hoje, por videoconfer\u00eancia, tendo emitido o seguinte comunicado conjunto:<\/p>\n<p class=\"descricaonoticia\" align=\"justify\">&#8220;<em>As cinco Federa\u00e7\u00f5es reuniram hoje, por videoconfer\u00eancia, para dar continuidade ao trabalho conjunto que vem sendo desenvolvido, em particular analisar a proposta de Orienta\u00e7\u00e3o referente ao Desporto e Competi\u00e7\u00f5es Desportivas ontem recebida, pelas 23:00, da Dire\u00e7\u00e3o-Geral de Sa\u00fade. Este documento foi alvo de an\u00e1lise numa reuni\u00e3o hoje de manh\u00e3 do Grupo de Trabalho das cinco federa\u00e7\u00f5es e, \u00e0 tarde, numa reuni\u00e3o dos Presidentes das federa\u00e7\u00f5es.<\/p>\n<p>Foram enviados \u00e0 DGS alguns contributos de clarifica\u00e7\u00e3o do documento, na expectativa de que a Orienta\u00e7\u00e3o seja publicada com a urg\u00eancia pretendida (hoje) e merecida pelos agentes desportivos.<\/p>\n<p>Este nunca poder\u00e1 ser considerado um trabalho finalizado, mantendo as cinco federa\u00e7\u00f5es a disponibilidade total para a sua continuidade em prol do Desporto em Portugal&#8221;<\/em>.<\/p>\n<p class=\"descricaonoticia\" align=\"justify\">Ver comunicado na \u00edntegra\u00a0<a href=\"https:\/\/www.fpvoleibol.pt\/noticias\/2020\/Comunicado5federacoes_21ago.pdf\" target=\"_blank\" rel=\"noopener noreferrer\">aqui<\/a><\/p>\n","protected":false},"excerpt":{"rendered":"<p>As Federa\u00e7\u00f5es de Andebol, Basquetebol, Futebol (Futsal), Patinagem e Voleibol reuniram-se hoje, por videoconfer\u00eancia, tendo emitido o seguinte comunicado conjunto: &#8220;As cinco Federa\u00e7\u00f5es reuniram hoje, por videoconfer\u00eancia, para dar continuidade [&hellip;]<\/p>\n","protected":false},"author":1,"featured_media":866,"comment_status":"open","ping_status":"open","sticky":false,"template":"","format":"standard","meta":{"_monsterinsights_skip_tracking":false,"_monsterinsights_sitenote_active":false,"_monsterinsights_sitenote_note":"","_monsterinsights_sitenote_category":0,"footnotes":""},"categories":[15,14],"tags":[],"class_list":{"0":"post-1015","1":"post","2":"type-post","3":"status-publish","4":"format-standard","5":"has-post-thumbnail","7":"category-diversos","8":"category-institucional","9":"czr-hentry"},"aioseo_notices":[],"_links":{"self":[{"href":"https:\/\/fpvoleibol.pt\/fpv\/wp-json\/wp\/v2\/posts\/1015","targetHints":{"allow":["GET"]}}],"collection":[{"href":"https:\/\/fpvoleibol.pt\/fpv\/wp-json\/wp\/v2\/posts"}],"about":[{"href":"https:\/\/fpvoleibol.pt\/fpv\/wp-json\/wp\/v2\/types\/post"}],"author":[{"embeddable":true,"href":"https:\/\/fpvoleibol.pt\/fpv\/wp-json\/wp\/v2\/users\/1"}],"replies":[{"embeddable":true,"href":"https:\/\/fpvoleibol.pt\/fpv\/wp-json\/wp\/v2\/comments?post=1015"}],"version-history":[{"count":1,"href":"https:\/\/fpvoleibol.pt\/fpv\/wp-json\/wp\/v2\/posts\/1015\/revisions"}],"predecessor-version":[{"id":1016,"href":"https:\/\/fpvoleibol.pt\/fpv\/wp-json\/wp\/v2\/posts\/1015\/revisions\/1016"}],"wp:featuredmedia":[{"embeddable":true,"href":"https:\/\/fpvoleibol.pt\/fpv\/wp-json\/wp\/v2\/media\/866"}],"wp:attachment":[{"href":"https:\/\/fpvoleibol.pt\/fpv\/wp-json\/wp\/v2\/media?parent=1015"}],"wp:term":[{"taxonomy":"category","embeddable":true,"href":"https:\/\/fpvoleibol.pt\/fpv\/wp-json\/wp\/v2\/categories?post=1015"},{"taxonomy":"post_tag","embeddable":true,"href":"https:\/\/fpvoleibol.pt\/fpv\/wp-json\/wp\/v2\/tags?post=1015"}],"curies":[{"name":"wp","href":"https:\/\/api.w.org\/{rel}","templated":true}]}}