{"id":1012,"date":"2020-08-21T18:30:50","date_gmt":"2020-08-21T18:30:50","guid":{"rendered":"https:\/\/fpvoleibol.pt\/fpv\/?p=1012"},"modified":"2020-08-21T18:30:50","modified_gmt":"2020-08-21T18:30:50","slug":"joao-e-francisco-campeoes-de-sub-16","status":"publish","type":"post","link":"https:\/\/fpvoleibol.pt\/fpv\/2020\/08\/21\/joao-e-francisco-campeoes-de-sub-16\/","title":{"rendered":"JO\u00c3O E FRANCISCO CAMPE\u00d5ES DE SUB-16"},"content":{"rendered":"<p class=\"descricaonoticia\" align=\"center\"><a href=\"https:\/\/www.fpvoleibol.pt\/noticias\/2020\/imagens\/girapraiasub16mpod_gd.jpg\" target=\"_blank\" rel=\"noopener noreferrer\"><img loading=\"lazy\" decoding=\"async\" src=\"https:\/\/www.fpvoleibol.pt\/noticias\/2020\/imagens\/girapraiasub16mpod_pq.jpg\" width=\"480\" height=\"270\" border=\"1\" \/><\/a><\/p>\n<p class=\"descricaonoticia\" align=\"justify\"><strong>Jo\u00e3o Borga e Francisco G\u00e1vea<\/strong>\u00a0sagraram-se hoje campe\u00f5es de Sub-16 masculinos em Gira-Praia.<br \/>\nNa final, disputada no Centro de Alto Rendimento de Voleibol de Praia da FPV, em Cortega\u00e7a, Ovar,\u00a0<strong>Jo\u00e3o e Francisco<\/strong>\u00a0superaram (2-1: 10-15, 15-5 e 15-7)\u00a0<span class=\"auto-style3\">Diogo Couto\/Jo\u00e3o Freitas<\/span>.<\/p>\n<p class=\"descricaonoticia\" align=\"justify\">No terceiro lugar ficou a dupla\u00a0<strong>Eduardo Assun\u00e7\u00e3o\/Gon\u00e7alo Henriques<\/strong>, que se superiorizou (2-1: 11-15, 15-7 e 15-12) a\u00a0<span class=\"auto-style3\">Diogo Brand\u00e3o\/Ricardo Pedrosa<\/span>.<\/p>\n<p class=\"descricaonoticia\" align=\"justify\">Amanh\u00e3 realiza-se o Campeonato de Sub-18 Femininos.<\/p>\n<p class=\"descricaonoticia\" align=\"justify\">Os\u00a0<a href=\"http:\/\/www.fpvoleibol.pt\/girapraia2020\" target=\"_blank\" rel=\"noopener noreferrer\">Campeonatos Nacionais de Gira-Praia 2020<\/a>, nas categorias de Sub-14, Sub-16 e Sub-18 masculinos e femininos, disputam-se de 18 a 23 de Agosto no Centro de Alto Rendimento de Voleibol de Praia da Federa\u00e7\u00e3o Portuguesa de Voleibol (FPV), em Cortega\u00e7a, e realizam-se sem p\u00fablico, no estrito cumprimento das regras de seguran\u00e7a sanit\u00e1ria da Direc\u00e7\u00e3o Geral da Sa\u00fade (DGS).<\/p>\n<p class=\"auto-style2\"><a href=\"http:\/\/www.fpvoleibol.pt\/girapraia2020\" target=\"_blank\" rel=\"noopener noreferrer\"><img loading=\"lazy\" decoding=\"async\" class=\"aligncenter\" src=\"https:\/\/www.fpvoleibol.pt\/noticias\/2020\/imagens\/girapraia2020.jpg\" width=\"480\" height=\"270\" border=\"1\" \/><\/a><\/p>\n<p class=\"auto-style1\" style=\"text-align: center;\"><strong>Calend\u00e1rio<\/strong><\/p>\n<p class=\"auto-style2\" style=\"text-align: center;\"><strong>Dia 18 de Agosto<\/strong>\u00a0\u2013 Sub-14 Femininos<br \/>\n<strong>Dia 19 de Agosto\u00a0<\/strong>\u2013 Sub-14 Masculinos<\/p>\n<p class=\"auto-style2\" style=\"text-align: center;\"><strong>Dia 20 de Agosto<\/strong>\u00a0\u2013 Sub-16 Femininos<br \/>\n<strong>Dia 21 de Agosto<\/strong>\u00a0\u2013 Sub-16 Masculinos<\/p>\n<p class=\"auto-style2\" style=\"text-align: center;\"><strong>Dia 22 de Agosto<\/strong>\u00a0\u2013 Sub-18 Femininos<br \/>\n<strong>Dia 23 de Agosto<\/strong>\u00a0\u2013 Sub-18 Masculinos<\/p>\n<p class=\"descricaonoticia\" align=\"justify\">Todas as informa\u00e7\u00f5es em\u00a0<a href=\"http:\/\/www.fpvoleibol.pt\/girapraia2020\" target=\"_blank\" rel=\"noopener noreferrer\">www.fpvoleibol.pt\/girapraia2020<\/a><\/p>\n","protected":false},"excerpt":{"rendered":"<p>Jo\u00e3o Borga e Francisco G\u00e1vea\u00a0sagraram-se hoje campe\u00f5es de Sub-16 masculinos em Gira-Praia. Na final, disputada no Centro de Alto Rendimento de Voleibol de Praia da FPV, em Cortega\u00e7a, Ovar,\u00a0Jo\u00e3o e [&hellip;]<\/p>\n","protected":false},"author":1,"featured_media":1013,"comment_status":"open","ping_status":"open","sticky":false,"template":"","format":"standard","meta":{"_monsterinsights_skip_tracking":false,"_monsterinsights_sitenote_active":false,"_monsterinsights_sitenote_note":"","_monsterinsights_sitenote_category":0,"footnotes":""},"categories":[16],"tags":[],"class_list":{"0":"post-1012","1":"post","2":"type-post","3":"status-publish","4":"format-standard","5":"has-post-thumbnail","7":"category-gira-praia","8":"czr-hentry"},"aioseo_notices":[],"_links":{"self":[{"href":"https:\/\/fpvoleibol.pt\/fpv\/wp-json\/wp\/v2\/posts\/1012","targetHints":{"allow":["GET"]}}],"collection":[{"href":"https:\/\/fpvoleibol.pt\/fpv\/wp-json\/wp\/v2\/posts"}],"about":[{"href":"https:\/\/fpvoleibol.pt\/fpv\/wp-json\/wp\/v2\/types\/post"}],"author":[{"embeddable":true,"href":"https:\/\/fpvoleibol.pt\/fpv\/wp-json\/wp\/v2\/users\/1"}],"replies":[{"embeddable":true,"href":"https:\/\/fpvoleibol.pt\/fpv\/wp-json\/wp\/v2\/comments?post=1012"}],"version-history":[{"count":1,"href":"https:\/\/fpvoleibol.pt\/fpv\/wp-json\/wp\/v2\/posts\/1012\/revisions"}],"predecessor-version":[{"id":1014,"href":"https:\/\/fpvoleibol.pt\/fpv\/wp-json\/wp\/v2\/posts\/1012\/revisions\/1014"}],"wp:featuredmedia":[{"embeddable":true,"href":"https:\/\/fpvoleibol.pt\/fpv\/wp-json\/wp\/v2\/media\/1013"}],"wp:attachment":[{"href":"https:\/\/fpvoleibol.pt\/fpv\/wp-json\/wp\/v2\/media?parent=1012"}],"wp:term":[{"taxonomy":"category","embeddable":true,"href":"https:\/\/fpvoleibol.pt\/fpv\/wp-json\/wp\/v2\/categories?post=1012"},{"taxonomy":"post_tag","embeddable":true,"href":"https:\/\/fpvoleibol.pt\/fpv\/wp-json\/wp\/v2\/tags?post=1012"}],"curies":[{"name":"wp","href":"https:\/\/api.w.org\/{rel}","templated":true}]}}