{"id":1009,"date":"2020-08-21T18:28:44","date_gmt":"2020-08-21T18:28:44","guid":{"rendered":"https:\/\/fpvoleibol.pt\/fpv\/?p=1009"},"modified":"2020-08-21T18:28:44","modified_gmt":"2020-08-21T18:28:44","slug":"portugueses-ja-tem-adversarios-na-challenge-cup-2021","status":"publish","type":"post","link":"https:\/\/fpvoleibol.pt\/fpv\/2020\/08\/21\/portugueses-ja-tem-adversarios-na-challenge-cup-2021\/","title":{"rendered":"PORTUGUESES J\u00c1 T\u00caM ADVERS\u00c1RIOS NA CHALLENGE CUP 2021"},"content":{"rendered":"<p class=\"descricaonoticia\" align=\"center\"><img loading=\"lazy\" decoding=\"async\" src=\"https:\/\/www.fpvoleibol.pt\/noticias\/2020\/imagens\/scp_2020_chcup.jpg\" width=\"480\" height=\"270\" border=\"1\" \/><br \/>\n<span class=\"auto-style1\"><strong>Na \u00e9poca passada, o Sporting atingiu as meias-finais da Challenge Cup<\/strong><\/span><\/p>\n<p class=\"descricaonoticia\">As equipas portuguesas conheceram hoje* os advers\u00e1rios que ter\u00e3o de enfrentar nos 16 avos-de-final da\u00a0<a href=\"https:\/\/www.cev.eu\/Competition-Area\/Competition.aspx?ID=1261&amp;PID=2008\" target=\"_blank\" rel=\"noopener noreferrer\">CEV Volleyball Challenge Cup 2021<\/a>.<\/p>\n<p class=\"descricaonoticia\">Em masculinos,\u00a0<a href=\"https:\/\/www.facebook.com\/SportLisboaBenficaModalidades\/\" target=\"_blank\" rel=\"noopener noreferrer\">SL Benfica<\/a>,\u00a0<a href=\"https:\/\/www.facebook.com\/sportingmodalidades\" target=\"_blank\" rel=\"noopener noreferrer\">Sporting CP<\/a>\u00a0e\u00a0<a href=\"https:\/\/www.facebook.com\/ajfontebastardo\" target=\"_blank\" rel=\"noopener noreferrer\">AJ Fonte do Bastardo<\/a>\u00a0v\u00e3o defrontar, respectivamente, o\u00a0<a href=\"http:\/\/www.vrck.hu\/\" target=\"_blank\" rel=\"noopener noreferrer\">Vegyesz RC Kazincbarcika (Hungria)<\/a>, o\u00a0<a href=\"https:\/\/www.giesengrizzlys.de\/bundesliga\/helios-grizzlys\/\" target=\"_blank\" rel=\"noopener noreferrer\">Helios Grizzlys Giesen (Alemanha)<\/a>\u00a0e o\u00a0<a href=\"https:\/\/ziraatbankasisporkulubu.com\/\" target=\"_blank\" rel=\"noopener noreferrer\">Ziraat Bankasi Ankara (Turquia<\/a>), antiga equipa do capit\u00e3o da Selec\u00e7\u00e3o Nacional, Alexandre Ferreira, actualmente a jogar na Coreia do Sul.<\/p>\n<p class=\"descricaonoticia\">Os encarnados da Luz e come\u00e7am por jogar fora de portas (3, 4 ou 5 de Novembro de 2020), recebendo os seus advers\u00e1rios h\u00fangaros na semana seguinte (10, 11 ou 12 de Novembro), enquanto a equipa leonina e os a\u00e7orianos da AJ Fonte do Bastardo recebem primeiro, e respectivamente, os germ\u00e2nicos e os turcos.<\/p>\n<p class=\"auto-style2\"><a href=\"https:\/\/www.fpvoleibol.pt\/noticias\/2020\/imagens\/CEV_Challenge_M%20fixed%20dates_gd.jpg\" target=\"_blank\" rel=\"noopener noreferrer\"><img loading=\"lazy\" decoding=\"async\" class=\"aligncenter\" src=\"https:\/\/www.fpvoleibol.pt\/noticias\/2020\/imagens\/CEV_Challenge_M%20fixed%20dates_pq.jpg\" width=\"480\" height=\"270\" border=\"1\" \/><\/a><\/p>\n<p class=\"descricaonoticia\">Em femininos, e igualmente nos 16 avos-de-final da Challenge Cup, a\u00a0<a href=\"https:\/\/www.facebook.com\/AJM-FC-Porto-209163616115343\/\" target=\"_blank\" rel=\"noopener noreferrer\">AJM\/FC Porto<\/a>\u00a0vai medir for\u00e7as com o\u00a0<a href=\"https:\/\/pt-br.facebook.com\/csdinamo\/\" target=\"_blank\" rel=\"noopener noreferrer\">Dinamo Bucuresti (Rom\u00e9nia)<\/a>\u00a0e o\u00a0<a href=\"https:\/\/www.facebook.com\/clubekairosvoleibol\" target=\"_blank\" rel=\"noopener noreferrer\">Clube Kair\u00f3s\u00a0<\/a>com o\u00a0<a href=\"http:\/\/okjedinstvo.org.rs\/\" target=\"_blank\" rel=\"noopener noreferrer\">OK Jedintsvo Stara Pazova (S\u00e9rvia)<\/a>.<\/p>\n<p>A AJM\/FC Porto estreia-se nas competi\u00e7\u00f5es europeias com uma desloca\u00e7\u00e3o \u00e0 Rom\u00e9nia (10, 11 ou 12 de Novembro), recebendo o Dinamo Bucuresti no dia 24, 25 ou 26 de Novembro, enquanto o Clube K joga primeiro em Ponta Delgada e quinze dias depois na S\u00e9rvia.<\/p>\n<p class=\"auto-style2\"><a href=\"https:\/\/www.fpvoleibol.pt\/noticias\/2020\/imagens\/CEV_Challenge_W%20fixed%20dates_gd.jpg\" target=\"_blank\" rel=\"noopener noreferrer\"><img loading=\"lazy\" decoding=\"async\" class=\"aligncenter\" src=\"https:\/\/www.fpvoleibol.pt\/noticias\/2020\/imagens\/CEV_Challenge_W%20fixed%20dates_pq.jpg\" width=\"480\" height=\"270\" border=\"1\" \/><\/a><\/p>\n<p class=\"descricaonoticia\">*A Confedera\u00e7\u00e3o Europeia de Clubes (CEV) realizou hoje, no Luxemburgo, os\u00a0<a href=\"https:\/\/www.cev.eu\/News.aspx?NewsID=30982&amp;ID=5\" target=\"_blank\" rel=\"noopener noreferrer\">sorteios<\/a>\u00a0das competi\u00e7\u00f5es europeias de clubes: Liga dos Campe\u00f5es, Ta\u00e7a CEV e Challenge Cup.<\/p>\n<p class=\"descricaonoticia\">Na \u00e9poca passada, o SL Benfica conseguiu uma entrada hist\u00f3rica na fase de grupos da Liga dos Campe\u00f5es, enquanto o Sporting atingiu as meias-finais da Challenge Cup, fase que n\u00e3o chegou a disputar devido \u00e0 pandemia de Covid-19.<br \/>\nNa Challenger Cup, as \u00e1guias conseguiram alcan\u00e7ar o 2.\u00ba (2015, vit\u00f3ria dos s\u00e9rvios do Vojvodina NS Seme Novi Sad) e o 3.\u00ba lugar (2016, eliminadas nas meias-finais por aqueles que seriam os vencedores da prova, os italianos do Calzedonia Verona).<\/p>\n<p class=\"descricaonoticia\">Mais informa\u00e7\u00f5es em\u00a0<a href=\"http:\/\/www.cev.eu\/\" target=\"_blank\" rel=\"noopener noreferrer\">www.cev.eu<\/a><\/p>\n","protected":false},"excerpt":{"rendered":"<p>Na \u00e9poca passada, o Sporting atingiu as meias-finais da Challenge Cup As equipas portuguesas conheceram hoje* os advers\u00e1rios que ter\u00e3o de enfrentar nos 16 avos-de-final da\u00a0CEV Volleyball Challenge Cup 2021. [&hellip;]<\/p>\n","protected":false},"author":1,"featured_media":1010,"comment_status":"open","ping_status":"open","sticky":false,"template":"","format":"standard","meta":{"_monsterinsights_skip_tracking":false,"_monsterinsights_sitenote_active":false,"_monsterinsights_sitenote_note":"","_monsterinsights_sitenote_category":0,"footnotes":""},"categories":[8],"tags":[],"class_list":{"0":"post-1009","1":"post","2":"type-post","3":"status-publish","4":"format-standard","5":"has-post-thumbnail","7":"category-voleibol","8":"czr-hentry"},"aioseo_notices":[],"_links":{"self":[{"href":"https:\/\/fpvoleibol.pt\/fpv\/wp-json\/wp\/v2\/posts\/1009","targetHints":{"allow":["GET"]}}],"collection":[{"href":"https:\/\/fpvoleibol.pt\/fpv\/wp-json\/wp\/v2\/posts"}],"about":[{"href":"https:\/\/fpvoleibol.pt\/fpv\/wp-json\/wp\/v2\/types\/post"}],"author":[{"embeddable":true,"href":"https:\/\/fpvoleibol.pt\/fpv\/wp-json\/wp\/v2\/users\/1"}],"replies":[{"embeddable":true,"href":"https:\/\/fpvoleibol.pt\/fpv\/wp-json\/wp\/v2\/comments?post=1009"}],"version-history":[{"count":1,"href":"https:\/\/fpvoleibol.pt\/fpv\/wp-json\/wp\/v2\/posts\/1009\/revisions"}],"predecessor-version":[{"id":1011,"href":"https:\/\/fpvoleibol.pt\/fpv\/wp-json\/wp\/v2\/posts\/1009\/revisions\/1011"}],"wp:featuredmedia":[{"embeddable":true,"href":"https:\/\/fpvoleibol.pt\/fpv\/wp-json\/wp\/v2\/media\/1010"}],"wp:attachment":[{"href":"https:\/\/fpvoleibol.pt\/fpv\/wp-json\/wp\/v2\/media?parent=1009"}],"wp:term":[{"taxonomy":"category","embeddable":true,"href":"https:\/\/fpvoleibol.pt\/fpv\/wp-json\/wp\/v2\/categories?post=1009"},{"taxonomy":"post_tag","embeddable":true,"href":"https:\/\/fpvoleibol.pt\/fpv\/wp-json\/wp\/v2\/tags?post=1009"}],"curies":[{"name":"wp","href":"https:\/\/api.w.org\/{rel}","templated":true}]}}