{"id":1006,"date":"2020-08-20T18:25:07","date_gmt":"2020-08-20T18:25:07","guid":{"rendered":"https:\/\/fpvoleibol.pt\/fpv\/?p=1006"},"modified":"2020-08-21T18:26:54","modified_gmt":"2020-08-21T18:26:54","slug":"gira-praia-ines-e-beatriz-vencem-em-sub-16","status":"publish","type":"post","link":"https:\/\/fpvoleibol.pt\/fpv\/2020\/08\/20\/gira-praia-ines-e-beatriz-vencem-em-sub-16\/","title":{"rendered":"GIRA-PRAIA: IN\u00caS E BEATRIZ VENCEM EM SUB-16"},"content":{"rendered":"<p class=\"descricaonoticia\" align=\"center\"><a href=\"https:\/\/www.fpvoleibol.pt\/noticias\/2020\/imagens\/girapraiasub16fpod_gd.jpg\" target=\"_blank\" rel=\"noopener noreferrer\"><img loading=\"lazy\" decoding=\"async\" src=\"https:\/\/www.fpvoleibol.pt\/noticias\/2020\/imagens\/girapraiasub16fpod_pq.jpg\" width=\"480\" height=\"270\" border=\"1\" \/><\/a><\/p>\n<p class=\"descricaonoticia\" align=\"justify\"><strong>In\u00eas Costa e Beatriz Cerveira<\/strong>\u00a0s\u00e3o as novas campe\u00e3s de Sub-16 femininos em Gira-Praia, cujos campeonatos nacionais est\u00e3o a decorrer no Centro de Alto Rendimento de Voleibol de Praia da FPV, em Cortega\u00e7a, Ovar.<\/p>\n<p class=\"descricaonoticia\" align=\"justify\">Numa final\u00a0<em>supercompetitiva<\/em>,\u00a0<strong>In\u00eas e Beatriz<\/strong>\u00a0superaram (2-1: 13-15, 16-14 e 15-7)\u00a0<span class=\"auto-style3\">\u00cdris Rodrigues e In\u00eas Pereira<\/span>, impondo-lhes a \u00fanica derrota em todo o campeonato.<\/p>\n<p class=\"descricaonoticia\" align=\"justify\">No terceiro lugar ficou a dupla\u00a0<strong>Carolina Silva\/Mariana Almeida<\/strong>, que se superiorizou, com dificuldade (2-1: 9-15, 15-12 e 15-13), a\u00a0<span class=\"auto-style3\">Mafalda Soares\/Clara Fernandes<\/span>.<\/p>\n<p class=\"descricaonoticia\" align=\"justify\">Amanh\u00e3 realiza-se o Campeonato de Sub-16 Masculinos.<\/p>\n<p class=\"descricaonoticia\" align=\"justify\">Os\u00a0<a href=\"http:\/\/www.fpvoleibol.pt\/girapraia2020\" target=\"_blank\" rel=\"noopener noreferrer\">Campeonatos Nacionais de Gira-Praia 2020<\/a>, nas categorias de Sub-14, Sub-16 e Sub-18 masculinos e femininos, disputam-se de 18 a 23 de Agosto no Centro de Alto Rendimento de Voleibol de Praia da Federa\u00e7\u00e3o Portuguesa de Voleibol (FPV), em Cortega\u00e7a, e realizam-se sem p\u00fablico, no estrito cumprimento das regras de seguran\u00e7a sanit\u00e1ria da Direc\u00e7\u00e3o Geral da Sa\u00fade (DGS).<\/p>\n<p class=\"auto-style2\"><a href=\"http:\/\/www.fpvoleibol.pt\/girapraia2020\" target=\"_blank\" rel=\"noopener noreferrer\"><img loading=\"lazy\" decoding=\"async\" class=\"aligncenter\" src=\"https:\/\/www.fpvoleibol.pt\/noticias\/2020\/imagens\/girapraia2020.jpg\" width=\"480\" height=\"270\" border=\"1\" \/><\/a><\/p>\n<p class=\"auto-style1\" style=\"text-align: center;\"><strong>Calend\u00e1rio<\/strong><\/p>\n<p class=\"auto-style2\" style=\"text-align: center;\"><strong>Dia 18 de Agosto<\/strong>\u00a0\u2013 Sub-14 Femininos<br \/>\n<strong>Dia 19 de Agosto\u00a0<\/strong>\u2013 Sub-14 Masculinos<\/p>\n<p class=\"auto-style2\" style=\"text-align: center;\"><strong>Dia 20 de Agosto<\/strong>\u00a0\u2013 Sub-16 Femininos<br \/>\n<strong>Dia 21 de Agosto<\/strong>\u00a0\u2013 Sub-16 Masculinos<\/p>\n<p class=\"auto-style2\" style=\"text-align: center;\"><strong>Dia 22 de Agosto<\/strong>\u00a0\u2013 Sub-18 Femininos<br \/>\n<strong>Dia 23 de Agosto<\/strong>\u00a0\u2013 Sub-18 Masculinos<\/p>\n<p class=\"descricaonoticia\" align=\"justify\">Todas as informa\u00e7\u00f5es em\u00a0<a href=\"http:\/\/www.fpvoleibol.pt\/girapraia2020\" target=\"_blank\" rel=\"noopener noreferrer\">www.fpvoleibol.pt\/girapraia2020<\/a><\/p>\n","protected":false},"excerpt":{"rendered":"<p>In\u00eas Costa e Beatriz Cerveira\u00a0s\u00e3o as novas campe\u00e3s de Sub-16 femininos em Gira-Praia, cujos campeonatos nacionais est\u00e3o a decorrer no Centro de Alto Rendimento de Voleibol de Praia da FPV, [&hellip;]<\/p>\n","protected":false},"author":1,"featured_media":1007,"comment_status":"open","ping_status":"open","sticky":false,"template":"","format":"standard","meta":{"_monsterinsights_skip_tracking":false,"_monsterinsights_sitenote_active":false,"_monsterinsights_sitenote_note":"","_monsterinsights_sitenote_category":0,"footnotes":""},"categories":[16],"tags":[],"class_list":{"0":"post-1006","1":"post","2":"type-post","3":"status-publish","4":"format-standard","5":"has-post-thumbnail","7":"category-gira-praia","8":"czr-hentry"},"aioseo_notices":[],"_links":{"self":[{"href":"https:\/\/fpvoleibol.pt\/fpv\/wp-json\/wp\/v2\/posts\/1006","targetHints":{"allow":["GET"]}}],"collection":[{"href":"https:\/\/fpvoleibol.pt\/fpv\/wp-json\/wp\/v2\/posts"}],"about":[{"href":"https:\/\/fpvoleibol.pt\/fpv\/wp-json\/wp\/v2\/types\/post"}],"author":[{"embeddable":true,"href":"https:\/\/fpvoleibol.pt\/fpv\/wp-json\/wp\/v2\/users\/1"}],"replies":[{"embeddable":true,"href":"https:\/\/fpvoleibol.pt\/fpv\/wp-json\/wp\/v2\/comments?post=1006"}],"version-history":[{"count":1,"href":"https:\/\/fpvoleibol.pt\/fpv\/wp-json\/wp\/v2\/posts\/1006\/revisions"}],"predecessor-version":[{"id":1008,"href":"https:\/\/fpvoleibol.pt\/fpv\/wp-json\/wp\/v2\/posts\/1006\/revisions\/1008"}],"wp:featuredmedia":[{"embeddable":true,"href":"https:\/\/fpvoleibol.pt\/fpv\/wp-json\/wp\/v2\/media\/1007"}],"wp:attachment":[{"href":"https:\/\/fpvoleibol.pt\/fpv\/wp-json\/wp\/v2\/media?parent=1006"}],"wp:term":[{"taxonomy":"category","embeddable":true,"href":"https:\/\/fpvoleibol.pt\/fpv\/wp-json\/wp\/v2\/categories?post=1006"},{"taxonomy":"post_tag","embeddable":true,"href":"https:\/\/fpvoleibol.pt\/fpv\/wp-json\/wp\/v2\/tags?post=1006"}],"curies":[{"name":"wp","href":"https:\/\/api.w.org\/{rel}","templated":true}]}}