{"id":1003,"date":"2020-08-19T18:23:29","date_gmt":"2020-08-19T18:23:29","guid":{"rendered":"https:\/\/fpvoleibol.pt\/fpv\/?p=1003"},"modified":"2020-08-21T18:24:43","modified_gmt":"2020-08-21T18:24:43","slug":"ricardo-e-gustavo-campeoes-nacionais-de-gira-praia","status":"publish","type":"post","link":"https:\/\/fpvoleibol.pt\/fpv\/2020\/08\/19\/ricardo-e-gustavo-campeoes-nacionais-de-gira-praia\/","title":{"rendered":"RICARDO E GUSTAVO CAMPE\u00d5ES NACIONAIS DE GIRA-PRAIA"},"content":{"rendered":"<p class=\"descricaonoticia\" align=\"center\"><a href=\"https:\/\/www.fpvoleibol.pt\/noticias\/2020\/imagens\/girapraiasub14mpod_gd.jpg\" target=\"_blank\" rel=\"noopener noreferrer\"><img loading=\"lazy\" decoding=\"async\" src=\"https:\/\/www.fpvoleibol.pt\/noticias\/2020\/imagens\/girapraiasub14mpod_pq.jpg\" width=\"480\" height=\"272\" border=\"1\" \/><\/a><\/p>\n<p class=\"descricaonoticia\" align=\"justify\">A dupla de Sub-14 masculinos formada por\u00a0<strong>Ricardo Pedrosa<\/strong>\u00a0e\u00a0<strong>Gustavo Reis<\/strong>\u00a0conquistou hoje o t\u00edtulo de campe\u00e3 nacional de Gira-Praia na categoria ao derrotar\u00a0<span class=\"auto-style3\">Tiago Sousa\/Francisco Pinho<\/span>\u00a0por 2-0 (21-12 e 21-13) na final, disputada no Centro de Alto Rendimento de Voleibol de Praia da FPV, em Cortega\u00e7a, Ovar.<\/p>\n<p class=\"descricaonoticia\" align=\"justify\">No jogo de atribui\u00e7\u00e3o dos 3.\u00ba e 4.\u00ba lugares,\u00a0<strong>Andr\u00e9 Leal\/Jo\u00e3o Martins<\/strong>\u00a0venceu\u00a0<span class=\"auto-style3\">Tiago Sousa\/Francisco Pinho<\/span>\u00a0igualmente pela diferen\u00e7a m\u00e1xima: 2-0 (16-14 e 15-11).<\/p>\n<p class=\"descricaonoticia\" align=\"justify\">Para amanh\u00e3 est\u00e1 agendada a realiza\u00e7\u00e3o do Campeonato de Sub-16 Femininos, no CAR de Cortega\u00e7a.<\/p>\n<p class=\"descricaonoticia\" align=\"justify\">Os\u00a0<a href=\"http:\/\/www.fpvoleibol.pt\/girapraia2020\" target=\"_blank\" rel=\"noopener noreferrer\">Campeonatos Nacionais de Gira-Praia 2020<\/a>, nas categorias de Sub-14, Sub-16 e Sub-18 masculinos e femininos, disputam-se de 18 a 23 de Agosto no Centro de Alto Rendimento de Voleibol de Praia da Federa\u00e7\u00e3o Portuguesa de Voleibol (FPV), em Cortega\u00e7a, e realizam-se sem p\u00fablico, no estrito cumprimento das regras de seguran\u00e7a sanit\u00e1ria da Direc\u00e7\u00e3o Geral da Sa\u00fade (DGS).<\/p>\n<p class=\"auto-style2\"><a href=\"http:\/\/www.fpvoleibol.pt\/girapraia2020\" target=\"_blank\" rel=\"noopener noreferrer\"><img loading=\"lazy\" decoding=\"async\" class=\"aligncenter\" src=\"https:\/\/www.fpvoleibol.pt\/noticias\/2020\/imagens\/girapraia2020.jpg\" width=\"480\" height=\"270\" border=\"1\" \/><\/a><\/p>\n<p class=\"auto-style1\" style=\"text-align: center;\"><strong>Calend\u00e1rio<\/strong><\/p>\n<p class=\"auto-style2\" style=\"text-align: center;\"><strong>Dia 18 de Agosto<\/strong>\u00a0\u2013 Sub-14 Femininos<br \/>\n<strong>Dia 19 de Agosto\u00a0<\/strong>\u2013 Sub-14 Masculinos<\/p>\n<p class=\"auto-style2\" style=\"text-align: center;\"><strong>Dia 20 de Agosto<\/strong>\u00a0\u2013 Sub-16 Femininos<br \/>\n<strong>Dia 21 de Agosto<\/strong>\u00a0\u2013 Sub-16 Masculinos<\/p>\n<p class=\"auto-style2\" style=\"text-align: center;\"><strong>Dia 22 de Agosto<\/strong>\u00a0\u2013 Sub-18 Femininos<br \/>\n<strong>Dia 23 de Agosto<\/strong>\u00a0\u2013 Sub-18 Masculinos<\/p>\n<p class=\"descricaonoticia\" align=\"justify\">Todas as informa\u00e7\u00f5es em\u00a0<a href=\"http:\/\/www.fpvoleibol.pt\/girapraia2020\" target=\"_blank\" rel=\"noopener noreferrer\">www.fpvoleibol.pt\/girapraia2020<\/a><\/p>\n","protected":false},"excerpt":{"rendered":"<p>A dupla de Sub-14 masculinos formada por\u00a0Ricardo Pedrosa\u00a0e\u00a0Gustavo Reis\u00a0conquistou hoje o t\u00edtulo de campe\u00e3 nacional de Gira-Praia na categoria ao derrotar\u00a0Tiago Sousa\/Francisco Pinho\u00a0por 2-0 (21-12 e 21-13) na final, disputada [&hellip;]<\/p>\n","protected":false},"author":1,"featured_media":1004,"comment_status":"open","ping_status":"open","sticky":false,"template":"","format":"standard","meta":{"_monsterinsights_skip_tracking":false,"_monsterinsights_sitenote_active":false,"_monsterinsights_sitenote_note":"","_monsterinsights_sitenote_category":0,"footnotes":""},"categories":[16],"tags":[],"class_list":{"0":"post-1003","1":"post","2":"type-post","3":"status-publish","4":"format-standard","5":"has-post-thumbnail","7":"category-gira-praia","8":"czr-hentry"},"aioseo_notices":[],"_links":{"self":[{"href":"https:\/\/fpvoleibol.pt\/fpv\/wp-json\/wp\/v2\/posts\/1003","targetHints":{"allow":["GET"]}}],"collection":[{"href":"https:\/\/fpvoleibol.pt\/fpv\/wp-json\/wp\/v2\/posts"}],"about":[{"href":"https:\/\/fpvoleibol.pt\/fpv\/wp-json\/wp\/v2\/types\/post"}],"author":[{"embeddable":true,"href":"https:\/\/fpvoleibol.pt\/fpv\/wp-json\/wp\/v2\/users\/1"}],"replies":[{"embeddable":true,"href":"https:\/\/fpvoleibol.pt\/fpv\/wp-json\/wp\/v2\/comments?post=1003"}],"version-history":[{"count":1,"href":"https:\/\/fpvoleibol.pt\/fpv\/wp-json\/wp\/v2\/posts\/1003\/revisions"}],"predecessor-version":[{"id":1005,"href":"https:\/\/fpvoleibol.pt\/fpv\/wp-json\/wp\/v2\/posts\/1003\/revisions\/1005"}],"wp:featuredmedia":[{"embeddable":true,"href":"https:\/\/fpvoleibol.pt\/fpv\/wp-json\/wp\/v2\/media\/1004"}],"wp:attachment":[{"href":"https:\/\/fpvoleibol.pt\/fpv\/wp-json\/wp\/v2\/media?parent=1003"}],"wp:term":[{"taxonomy":"category","embeddable":true,"href":"https:\/\/fpvoleibol.pt\/fpv\/wp-json\/wp\/v2\/categories?post=1003"},{"taxonomy":"post_tag","embeddable":true,"href":"https:\/\/fpvoleibol.pt\/fpv\/wp-json\/wp\/v2\/tags?post=1003"}],"curies":[{"name":"wp","href":"https:\/\/api.w.org\/{rel}","templated":true}]}}