{"id":42603,"global_id":"fpvoleibol.pt\/fpv?id=42603","global_id_lineage":["fpvoleibol.pt\/fpv?id=42603"],"author":"1","status":"publish","date":"2025-09-09 17:48:25","date_utc":"2025-09-09 16:48:25","modified":"2025-10-02 11:26:16","modified_utc":"2025-10-02 10:26:16","url":"https:\/\/fpvoleibol.pt\/fpv\/evento\/campeonato-nacional-2025-2026-15\/","rest_url":"https:\/\/fpvoleibol.pt\/fpv\/wp-json\/tribe\/events\/v1\/events\/42603","title":"Campeonato Nacional 2025-2026","description":"<p>Liga Una Seguros, Liga Solverde.pt, II Divis\u00e3o, Juniores Sub-21 (JB1), Juniores Fem Divis\u00e3o &#8220;A&#8221;, Juvenis Fem Divis\u00e3o &#8220;A&#8221;, Cadetes Fem Divis\u00e3o &#8220;A&#8221;, Iniciados Fem Divis\u00e3o &#8220;A&#8221;<\/p>","excerpt":"","slug":"campeonato-nacional-2025-2026-15","image":{"url":"https:\/\/fpvoleibol.pt\/fpv\/wp-content\/uploads\/2025\/09\/noticias_camp_nac_2025-26.jpg","id":42569,"extension":"jpg","width":1280,"height":722,"filesize":88342,"sizes":{"medium":{"width":300,"height":169,"mime-type":"image\/jpeg","filesize":12125,"url":"https:\/\/fpvoleibol.pt\/fpv\/wp-content\/uploads\/2025\/09\/noticias_camp_nac_2025-26-300x169.jpg"},"large":{"width":1024,"height":578,"mime-type":"image\/jpeg","filesize":60328,"url":"https:\/\/fpvoleibol.pt\/fpv\/wp-content\/uploads\/2025\/09\/noticias_camp_nac_2025-26-1024x578.jpg"},"thumbnail":{"width":150,"height":150,"mime-type":"image\/jpeg","filesize":8947,"url":"https:\/\/fpvoleibol.pt\/fpv\/wp-content\/uploads\/2025\/09\/noticias_camp_nac_2025-26-150x150.jpg"},"medium_large":{"width":768,"height":433,"mime-type":"image\/jpeg","filesize":42352,"url":"https:\/\/fpvoleibol.pt\/fpv\/wp-content\/uploads\/2025\/09\/noticias_camp_nac_2025-26-768x433.jpg"},"tc-grid-full":{"width":1110,"height":444,"mime-type":"image\/jpeg","filesize":55523,"url":"https:\/\/fpvoleibol.pt\/fpv\/wp-content\/uploads\/2025\/09\/noticias_camp_nac_2025-26-1110x444.jpg"},"tc-grid":{"width":570,"height":350,"mime-type":"image\/jpeg","filesize":32104,"url":"https:\/\/fpvoleibol.pt\/fpv\/wp-content\/uploads\/2025\/09\/noticias_camp_nac_2025-26-570x350.jpg"},"tc-thumb":{"width":270,"height":250,"mime-type":"image\/jpeg","filesize":18647,"url":"https:\/\/fpvoleibol.pt\/fpv\/wp-content\/uploads\/2025\/09\/noticias_camp_nac_2025-26-270x250.jpg"},"slider-full":{"width":1280,"height":500,"mime-type":"image\/jpeg","filesize":68577,"url":"https:\/\/fpvoleibol.pt\/fpv\/wp-content\/uploads\/2025\/09\/noticias_camp_nac_2025-26-1280x500.jpg"},"slider":{"width":1110,"height":500,"mime-type":"image\/jpeg","filesize":61674,"url":"https:\/\/fpvoleibol.pt\/fpv\/wp-content\/uploads\/2025\/09\/noticias_camp_nac_2025-26-1110x500.jpg"},"tc-sq-thumb":{"width":510,"height":510,"mime-type":"image\/jpeg","filesize":45956,"url":"https:\/\/fpvoleibol.pt\/fpv\/wp-content\/uploads\/2025\/09\/noticias_camp_nac_2025-26-510x510.jpg"},"tc-ws-thumb":{"width":1110,"height":624,"mime-type":"image\/jpeg","filesize":67263,"url":"https:\/\/fpvoleibol.pt\/fpv\/wp-content\/uploads\/2025\/09\/noticias_camp_nac_2025-26-1110x624.jpg"},"tc-ws-small-thumb":{"width":528,"height":297,"mime-type":"image\/jpeg","filesize":25961,"url":"https:\/\/fpvoleibol.pt\/fpv\/wp-content\/uploads\/2025\/09\/noticias_camp_nac_2025-26-528x297.jpg"},"tc-slider-small":{"width":517,"height":235,"mime-type":"image\/jpeg","filesize":23823,"url":"https:\/\/fpvoleibol.pt\/fpv\/wp-content\/uploads\/2025\/09\/noticias_camp_nac_2025-26-517x235.jpg"}}},"all_day":true,"start_date":"2026-01-24 00:00:00","start_date_details":{"year":"2026","month":"01","day":"24","hour":"00","minutes":"00","seconds":"00"},"end_date":"2026-01-25 23:59:59","end_date_details":{"year":"2026","month":"01","day":"25","hour":"23","minutes":"59","seconds":"59"},"utc_start_date":"2026-01-23 23:00:00","utc_start_date_details":{"year":"2026","month":"01","day":"23","hour":"23","minutes":"00","seconds":"00"},"utc_end_date":"2026-01-25 22:59:59","utc_end_date_details":{"year":"2026","month":"01","day":"25","hour":"22","minutes":"59","seconds":"59"},"timezone":"UTC+1","timezone_abbr":"UTC+1","cost":"","cost_details":{"currency_symbol":"\u20ac","currency_code":"EUR","currency_position":"prefix","values":[]},"website":"https:\/\/www.portugalvoleibol.com\/","show_map":false,"show_map_link":true,"hide_from_listings":false,"sticky":false,"featured":false,"categories":[],"tags":[],"venue":[],"organizer":[],"custom_fields":[],"json_ld":{"@context":"http:\/\/schema.org","@type":"Event","name":"Campeonato Nacional 2025-2026","description":"&lt;p&gt;Liga Una Seguros, Liga Solverde.pt, II Divis\u00e3o, Juniores Sub-21 (JB1), Juniores Fem Divis\u00e3o &quot;A&quot;, Juvenis Fem Divis\u00e3o &quot;A&quot;, Cadetes Fem Divis\u00e3o &quot;A&quot;, Iniciados Fem Divis\u00e3o &quot;A&quot;&lt;\/p&gt;\\n","image":"https:\/\/fpvoleibol.pt\/fpv\/wp-content\/uploads\/2025\/09\/noticias_camp_nac_2025-26.jpg","url":"https:\/\/fpvoleibol.pt\/fpv\/evento\/campeonato-nacional-2025-2026-15\/","eventAttendanceMode":"https:\/\/schema.org\/OfflineEventAttendanceMode","eventStatus":"https:\/\/schema.org\/EventScheduled","startDate":"2026-01-23T23:00:00+00:00","endDate":"2026-01-25T22:59:59+00:00","performer":"Organization"}}